{"id":9123,"date":"2024-04-22T10:01:20","date_gmt":"2024-04-22T08:01:20","guid":{"rendered":"https:\/\/agora.xtec.cat\/escolamestralvilanova\/?p=9123"},"modified":"2024-04-22T10:02:05","modified_gmt":"2024-04-22T08:02:05","slug":"mercat-de-primavera-3","status":"publish","type":"post","link":"https:\/\/agora.xtec.cat\/escolamestralvilanova\/portada\/mercat-de-primavera-3\/","title":{"rendered":"SANT JORDI: MERCAT DE PRIMAVERA"},"content":{"rendered":"<p>Arribada la Primavera, \u00e9s el moment de preparar una nova edici\u00f3 del mercat de l\u2019escola, \u00e9s per aquest motiu que al llarg de les darreres setmanes tots els i les alumnes hem estat confeccionat un producte per ser venut.<\/p>\n<p><strong>Aix\u00ed, dem\u00e0 dimarts 23, a partir de les 16 hores, es posaran a la venta clauers originals a un preu de 2\u20ac<\/strong>.<\/p>\n<p>La recaptaci\u00f3 es destinar\u00e0 a la subvenci\u00f3\u00a0d\u2019activitats pedag\u00f2giques que es realitzin al llarg\u00a0del\u00a0curs.<\/p>\n<p>Us compartim el preg\u00f3 on els alumnes de Cicle Inicial han comunicat el mercat a tot el poble:<\/p>\n<p><a href=\"https:\/\/agora.xtec.cat\/escolamestralvilanova\/wp-content\/uploads\/usu729\/2024\/04\/b5a4fd0f-4484-4b2d-a642-56cb900eb80a.jpg\"><img loading=\"lazy\" decoding=\"async\" class=\"alignnone wp-image-9124 size-medium\" src=\"https:\/\/agora.xtec.cat\/escolamestralvilanova\/wp-content\/uploads\/usu729\/2024\/04\/b5a4fd0f-4484-4b2d-a642-56cb900eb80a-300x225.jpg\" alt=\"\" width=\"300\" height=\"225\" srcset=\"https:\/\/agora.xtec.cat\/escolamestralvilanova\/wp-content\/uploads\/usu729\/2024\/04\/b5a4fd0f-4484-4b2d-a642-56cb900eb80a-300x225.jpg 300w, https:\/\/agora.xtec.cat\/escolamestralvilanova\/wp-content\/uploads\/usu729\/2024\/04\/b5a4fd0f-4484-4b2d-a642-56cb900eb80a-1024x768.jpg 1024w, https:\/\/agora.xtec.cat\/escolamestralvilanova\/wp-content\/uploads\/usu729\/2024\/04\/b5a4fd0f-4484-4b2d-a642-56cb900eb80a-768x576.jpg 768w, https:\/\/agora.xtec.cat\/escolamestralvilanova\/wp-content\/uploads\/usu729\/2024\/04\/b5a4fd0f-4484-4b2d-a642-56cb900eb80a-1536x1152.jpg 1536w, https:\/\/agora.xtec.cat\/escolamestralvilanova\/wp-content\/uploads\/usu729\/2024\/04\/b5a4fd0f-4484-4b2d-a642-56cb900eb80a-200x150.jpg 200w, https:\/\/agora.xtec.cat\/escolamestralvilanova\/wp-content\/uploads\/usu729\/2024\/04\/b5a4fd0f-4484-4b2d-a642-56cb900eb80a.jpg 1600w\" sizes=\"auto, (max-width: 300px) 100vw, 300px\" \/><\/a><\/p>\n<ul>\n<li><a href=\"https:\/\/photos.app.goo.gl\/MbSbUz9kdqAELC9Z9\">ACC\u00c9S AL PREG\u00d3<\/a><\/li>\n<li><a href=\"https:\/\/photos.app.goo.gl\/rwJTkaYiFicqRDLR7\">ENLLA\u00c7 A LES FOTOGRAFIES DEL PREG\u00d3<\/a><\/li>\n<\/ul>\n","protected":false},"excerpt":{"rendered":"<p>Arribada la Primavera, \u00e9s el moment de preparar una nova edici\u00f3 del mercat de l\u2019escola, \u00e9s per aquest motiu que al llarg de les darreres setmanes tots els i les alumnes hem estat confeccionat un producte per ser venut.<br \/>\nAix\u00ed, dem\u00e0 dimarts 23, a partir de&hellip;  <a href=\"https:\/\/agora.xtec.cat\/escolamestralvilanova\/portada\/mercat-de-primavera-3\/\" title=\"Read SANT JORDI: MERCAT DE PRIMAVERA\">Llegeix m\u00e9s\u00bb<\/a><\/p>\n","protected":false},"author":1,"featured_media":0,"comment_status":"open","ping_status":"closed","sticky":false,"template":"","format":"standard","meta":{"_bbp_topic_count":0,"_bbp_reply_count":0,"_bbp_total_topic_count":0,"_bbp_total_reply_count":0,"_bbp_voice_count":0,"_bbp_anonymous_reply_count":0,"_bbp_topic_count_hidden":0,"_bbp_reply_count_hidden":0,"_bbp_forum_subforum_count":0,"footnotes":""},"categories":[11,4,5],"tags":[],"class_list":["post-9123","post","type-post","status-publish","format-standard","hentry","category-cicle-inicial","category-portada","category-primaria"],"post_mailing_queue_ids":[],"_links":{"self":[{"href":"https:\/\/agora.xtec.cat\/escolamestralvilanova\/wp-json\/wp\/v2\/posts\/9123","targetHints":{"allow":["GET"]}}],"collection":[{"href":"https:\/\/agora.xtec.cat\/escolamestralvilanova\/wp-json\/wp\/v2\/posts"}],"about":[{"href":"https:\/\/agora.xtec.cat\/escolamestralvilanova\/wp-json\/wp\/v2\/types\/post"}],"author":[{"embeddable":true,"href":"https:\/\/agora.xtec.cat\/escolamestralvilanova\/wp-json\/wp\/v2\/users\/1"}],"replies":[{"embeddable":true,"href":"https:\/\/agora.xtec.cat\/escolamestralvilanova\/wp-json\/wp\/v2\/comments?post=9123"}],"version-history":[{"count":2,"href":"https:\/\/agora.xtec.cat\/escolamestralvilanova\/wp-json\/wp\/v2\/posts\/9123\/revisions"}],"predecessor-version":[{"id":9126,"href":"https:\/\/agora.xtec.cat\/escolamestralvilanova\/wp-json\/wp\/v2\/posts\/9123\/revisions\/9126"}],"wp:attachment":[{"href":"https:\/\/agora.xtec.cat\/escolamestralvilanova\/wp-json\/wp\/v2\/media?parent=9123"}],"wp:term":[{"taxonomy":"category","embeddable":true,"href":"https:\/\/agora.xtec.cat\/escolamestralvilanova\/wp-json\/wp\/v2\/categories?post=9123"},{"taxonomy":"post_tag","embeddable":true,"href":"https:\/\/agora.xtec.cat\/escolamestralvilanova\/wp-json\/wp\/v2\/tags?post=9123"}],"curies":[{"name":"wp","href":"https:\/\/api.w.org\/{rel}","templated":true}]}}