{"id":9115,"date":"2024-04-15T13:52:19","date_gmt":"2024-04-15T11:52:19","guid":{"rendered":"https:\/\/agora.xtec.cat\/escolamestralvilanova\/?p=9115"},"modified":"2024-04-15T13:59:38","modified_gmt":"2024-04-15T11:59:38","slug":"anem-de-colonies-3","status":"publish","type":"post","link":"https:\/\/agora.xtec.cat\/escolamestralvilanova\/general\/anem-de-colonies-3\/","title":{"rendered":"ANEM DE COL\u00d2NIES!"},"content":{"rendered":"<p>Bona tarda fam\u00edlies!<\/p>\n<p>Ens fa molta il\u00b7lusi\u00f3 compartir amb vosaltres el v\u00eddeo on participa tot l\u2019alumnat de l\u2019escola amb tota la informaci\u00f3 necess\u00e0ria per a les col\u00f2nies a LA FINCA PRADES!<\/p>\n<ul>\n<li><a href=\"https:\/\/drive.google.com\/file\/d\/1RjGT5KGJnrvc2ThJgIgE9NTjCDU8QSRI\/view?usp=sharing\">ENLLA\u00c7 AL V\u00cdDEO<\/a><\/li>\n<\/ul>\n<p><a href=\"https:\/\/drive.google.com\/file\/d\/1RjGT5KGJnrvc2ThJgIgE9NTjCDU8QSRI\/view?usp=sharing\"><img loading=\"lazy\" decoding=\"async\" class=\"wp-image-9116 size-medium alignleft\" src=\"https:\/\/agora.xtec.cat\/escolamestralvilanova\/wp-content\/uploads\/usu729\/2024\/04\/anem-de-colonies-a-prades-300x169.jpg\" alt=\"\" width=\"300\" height=\"169\" srcset=\"https:\/\/agora.xtec.cat\/escolamestralvilanova\/wp-content\/uploads\/usu729\/2024\/04\/anem-de-colonies-a-prades-300x169.jpg 300w, https:\/\/agora.xtec.cat\/escolamestralvilanova\/wp-content\/uploads\/usu729\/2024\/04\/anem-de-colonies-a-prades-1024x576.jpg 1024w, https:\/\/agora.xtec.cat\/escolamestralvilanova\/wp-content\/uploads\/usu729\/2024\/04\/anem-de-colonies-a-prades-768x432.jpg 768w, https:\/\/agora.xtec.cat\/escolamestralvilanova\/wp-content\/uploads\/usu729\/2024\/04\/anem-de-colonies-a-prades-1536x864.jpg 1536w, https:\/\/agora.xtec.cat\/escolamestralvilanova\/wp-content\/uploads\/usu729\/2024\/04\/anem-de-colonies-a-prades.jpg 1920w\" sizes=\"auto, (max-width: 300px) 100vw, 300px\" \/><\/a><\/p>\n","protected":false},"excerpt":{"rendered":"<p>Bona tarda fam\u00edlies!<br \/>\nEns fa molta il\u00b7lusi\u00f3 compartir amb vosaltres el v\u00eddeo on participa tot l\u2019alumnat de l\u2019escola amb tota la informaci\u00f3 necess\u00e0ria per a les col\u00f2nies a LA FINCA PRADES!<\/p>\n<ul>\n<li><a href=\"https:\/\/drive.google.com\/file\/d\/1RjGT5KGJnrvc2ThJgIgE9NTjCDU8QSRI\/view?usp=sharing\">ENLLA\u00c7 AL V\u00cdDEO<\/a><\/li>\n<\/ul>\n<p><a href=\"https:\/\/drive.google.com\/file\/d\/1RjGT5KGJnrvc2ThJgIgE9NTjCDU8QSRI\/view?usp=sharing\"><\/a><\/p>\n","protected":false},"author":6,"featured_media":0,"comment_status":"open","ping_status":"closed","sticky":false,"template":"","format":"standard","meta":{"_bbp_topic_count":0,"_bbp_reply_count":0,"_bbp_total_topic_count":0,"_bbp_total_reply_count":0,"_bbp_voice_count":0,"_bbp_anonymous_reply_count":0,"_bbp_topic_count_hidden":0,"_bbp_reply_count_hidden":0,"_bbp_forum_subforum_count":0,"footnotes":""},"categories":[1,4,5],"tags":[],"class_list":["post-9115","post","type-post","status-publish","format-standard","hentry","category-general","category-portada","category-primaria"],"post_mailing_queue_ids":[],"_links":{"self":[{"href":"https:\/\/agora.xtec.cat\/escolamestralvilanova\/wp-json\/wp\/v2\/posts\/9115","targetHints":{"allow":["GET"]}}],"collection":[{"href":"https:\/\/agora.xtec.cat\/escolamestralvilanova\/wp-json\/wp\/v2\/posts"}],"about":[{"href":"https:\/\/agora.xtec.cat\/escolamestralvilanova\/wp-json\/wp\/v2\/types\/post"}],"author":[{"embeddable":true,"href":"https:\/\/agora.xtec.cat\/escolamestralvilanova\/wp-json\/wp\/v2\/users\/6"}],"replies":[{"embeddable":true,"href":"https:\/\/agora.xtec.cat\/escolamestralvilanova\/wp-json\/wp\/v2\/comments?post=9115"}],"version-history":[{"count":3,"href":"https:\/\/agora.xtec.cat\/escolamestralvilanova\/wp-json\/wp\/v2\/posts\/9115\/revisions"}],"predecessor-version":[{"id":9119,"href":"https:\/\/agora.xtec.cat\/escolamestralvilanova\/wp-json\/wp\/v2\/posts\/9115\/revisions\/9119"}],"wp:attachment":[{"href":"https:\/\/agora.xtec.cat\/escolamestralvilanova\/wp-json\/wp\/v2\/media?parent=9115"}],"wp:term":[{"taxonomy":"category","embeddable":true,"href":"https:\/\/agora.xtec.cat\/escolamestralvilanova\/wp-json\/wp\/v2\/categories?post=9115"},{"taxonomy":"post_tag","embeddable":true,"href":"https:\/\/agora.xtec.cat\/escolamestralvilanova\/wp-json\/wp\/v2\/tags?post=9115"}],"curies":[{"name":"wp","href":"https:\/\/api.w.org\/{rel}","templated":true}]}}