{"id":9109,"date":"2024-04-10T12:31:53","date_gmt":"2024-04-10T10:31:53","guid":{"rendered":"https:\/\/agora.xtec.cat\/escolamestralvilanova\/?p=9109"},"modified":"2024-04-10T12:54:53","modified_gmt":"2024-04-10T10:54:53","slug":"anem-a-fer-un-reportatge-a-la-residencia","status":"publish","type":"post","link":"https:\/\/agora.xtec.cat\/escolamestralvilanova\/general\/anem-a-fer-un-reportatge-a-la-residencia\/","title":{"rendered":"ANEM A FER UN REPORTATGE A LA RESID\u00c8NCIA!"},"content":{"rendered":"<p>Amb motiu de la <i>Fira dels Somnis<\/i> contra el c\u00e0ncer infantil de Balaguer, els infants de quart hem anat aquest mat\u00ed caminant a la resid\u00e8ncia Sant Roc a entrevistar als padrins i padrines sobre el centenari de l&#8217;arribada del tren a Balaguer. Hem preparat unes preguntes per parelles i hem entrevistat a quatre padrines. Amb tota la informaci\u00f3 que hem recollit elaborarem un reportatge que estar\u00e0 exposat a Balaguer el proper dia 5 de maig.<\/p>\n<p>Ens ha agradat molt compartir aquesta estona amb les padrines.<\/p>\n<ul>\n<li><a href=\"https:\/\/photos.app.goo.gl\/Qx8ypWKiQ25xHXQr5\">ENLLA\u00c7 A LES FOTOGRAFIES<\/a><\/li>\n<\/ul>\n<p><a href=\"https:\/\/photos.app.goo.gl\/Qx8ypWKiQ25xHXQr5\"><img loading=\"lazy\" decoding=\"async\" class=\"wp-image-9110 size-medium alignleft\" src=\"https:\/\/agora.xtec.cat\/escolamestralvilanova\/wp-content\/uploads\/usu729\/2024\/04\/IMG_0892-300x269.jpg\" alt=\"\" width=\"300\" height=\"269\" srcset=\"https:\/\/agora.xtec.cat\/escolamestralvilanova\/wp-content\/uploads\/usu729\/2024\/04\/IMG_0892-300x269.jpg 300w, https:\/\/agora.xtec.cat\/escolamestralvilanova\/wp-content\/uploads\/usu729\/2024\/04\/IMG_0892-1024x917.jpg 1024w, https:\/\/agora.xtec.cat\/escolamestralvilanova\/wp-content\/uploads\/usu729\/2024\/04\/IMG_0892-768x688.jpg 768w, https:\/\/agora.xtec.cat\/escolamestralvilanova\/wp-content\/uploads\/usu729\/2024\/04\/IMG_0892-1536x1375.jpg 1536w, https:\/\/agora.xtec.cat\/escolamestralvilanova\/wp-content\/uploads\/usu729\/2024\/04\/IMG_0892.jpg 1797w\" sizes=\"auto, (max-width: 300px) 100vw, 300px\" \/><\/a><\/p>\n","protected":false},"excerpt":{"rendered":"<p>Amb motiu de la Fira dels Somnis contra el c\u00e0ncer infantil de Balaguer, els infants de quart hem anat aquest mat\u00ed caminant a la resid\u00e8ncia Sant Roc a entrevistar als padrins i padrines sobre el centenari de l&#8217;arribada del tren a Balaguer. Hem preparat unes&hellip;  <a href=\"https:\/\/agora.xtec.cat\/escolamestralvilanova\/general\/anem-a-fer-un-reportatge-a-la-residencia\/\" title=\"Read ANEM A FER UN REPORTATGE A LA RESID\u00c8NCIA!\">Llegeix m\u00e9s\u00bb<\/a><\/p>\n","protected":false},"author":6,"featured_media":0,"comment_status":"open","ping_status":"closed","sticky":false,"template":"","format":"standard","meta":{"_bbp_topic_count":0,"_bbp_reply_count":0,"_bbp_total_topic_count":0,"_bbp_total_reply_count":0,"_bbp_voice_count":0,"_bbp_anonymous_reply_count":0,"_bbp_topic_count_hidden":0,"_bbp_reply_count_hidden":0,"_bbp_forum_subforum_count":0,"footnotes":""},"categories":[12,1,4,5],"tags":[],"class_list":["post-9109","post","type-post","status-publish","format-standard","hentry","category-tercer-quart","category-general","category-portada","category-primaria"],"post_mailing_queue_ids":[],"_links":{"self":[{"href":"https:\/\/agora.xtec.cat\/escolamestralvilanova\/wp-json\/wp\/v2\/posts\/9109","targetHints":{"allow":["GET"]}}],"collection":[{"href":"https:\/\/agora.xtec.cat\/escolamestralvilanova\/wp-json\/wp\/v2\/posts"}],"about":[{"href":"https:\/\/agora.xtec.cat\/escolamestralvilanova\/wp-json\/wp\/v2\/types\/post"}],"author":[{"embeddable":true,"href":"https:\/\/agora.xtec.cat\/escolamestralvilanova\/wp-json\/wp\/v2\/users\/6"}],"replies":[{"embeddable":true,"href":"https:\/\/agora.xtec.cat\/escolamestralvilanova\/wp-json\/wp\/v2\/comments?post=9109"}],"version-history":[{"count":1,"href":"https:\/\/agora.xtec.cat\/escolamestralvilanova\/wp-json\/wp\/v2\/posts\/9109\/revisions"}],"predecessor-version":[{"id":9111,"href":"https:\/\/agora.xtec.cat\/escolamestralvilanova\/wp-json\/wp\/v2\/posts\/9109\/revisions\/9111"}],"wp:attachment":[{"href":"https:\/\/agora.xtec.cat\/escolamestralvilanova\/wp-json\/wp\/v2\/media?parent=9109"}],"wp:term":[{"taxonomy":"category","embeddable":true,"href":"https:\/\/agora.xtec.cat\/escolamestralvilanova\/wp-json\/wp\/v2\/categories?post=9109"},{"taxonomy":"post_tag","embeddable":true,"href":"https:\/\/agora.xtec.cat\/escolamestralvilanova\/wp-json\/wp\/v2\/tags?post=9109"}],"curies":[{"name":"wp","href":"https:\/\/api.w.org\/{rel}","templated":true}]}}