{"id":9046,"date":"2024-03-14T15:00:45","date_gmt":"2024-03-14T14:00:45","guid":{"rendered":"https:\/\/agora.xtec.cat\/escolamestralvilanova\/?p=9046"},"modified":"2024-03-14T15:01:10","modified_gmt":"2024-03-14T14:01:10","slug":"sortida-de-zer-a-la-conca-della","status":"publish","type":"post","link":"https:\/\/agora.xtec.cat\/escolamestralvilanova\/infantil\/sortida-de-zer-a-la-conca-della\/","title":{"rendered":"SORTIDA DE ZER A LA CONCA DELL\u00c0"},"content":{"rendered":"<p>El passat divendres 8 de mar\u00e7 l&#8217;alumnat d&#8217;Educaci\u00f3 Infantil i de Cicle Inicial va anar a visitar el museu dels dinosaures que es troba a la Conca Dell\u00e0.<\/p>\n<p>Ens ho vam passar molt b\u00e9 i ens va agradar molt!<\/p>\n<ul>\n<li><a href=\"https:\/\/photos.app.goo.gl\/Wid42VC2oo43RpAi7\">ENLLA\u00c7 A LES FOTOGRAFIES<\/a><\/li>\n<\/ul>\n<p><a href=\"https:\/\/photos.app.goo.gl\/Wid42VC2oo43RpAi7\"><img loading=\"lazy\" decoding=\"async\" class=\"alignnone size-medium wp-image-9047\" src=\"https:\/\/agora.xtec.cat\/escolamestralvilanova\/wp-content\/uploads\/usu729\/2024\/03\/IMG_20240308_114707-300x135.jpg\" alt=\"\" width=\"300\" height=\"135\" srcset=\"https:\/\/agora.xtec.cat\/escolamestralvilanova\/wp-content\/uploads\/usu729\/2024\/03\/IMG_20240308_114707-300x135.jpg 300w, https:\/\/agora.xtec.cat\/escolamestralvilanova\/wp-content\/uploads\/usu729\/2024\/03\/IMG_20240308_114707-1024x461.jpg 1024w, https:\/\/agora.xtec.cat\/escolamestralvilanova\/wp-content\/uploads\/usu729\/2024\/03\/IMG_20240308_114707-768x346.jpg 768w, https:\/\/agora.xtec.cat\/escolamestralvilanova\/wp-content\/uploads\/usu729\/2024\/03\/IMG_20240308_114707-1536x691.jpg 1536w, https:\/\/agora.xtec.cat\/escolamestralvilanova\/wp-content\/uploads\/usu729\/2024\/03\/IMG_20240308_114707-2048x922.jpg 2048w\" sizes=\"auto, (max-width: 300px) 100vw, 300px\" \/><\/a><\/p>\n","protected":false},"excerpt":{"rendered":"<p>El passat divendres 8 de mar\u00e7 l&#8217;alumnat d&#8217;Educaci\u00f3 Infantil i de Cicle Inicial va anar a visitar el museu dels dinosaures que es troba a la Conca Dell\u00e0.<br \/>\nEns ho vam passar molt b\u00e9 i ens va agradar molt!<\/p>\n<ul>\n<li><a href=\"https:\/\/photos.app.goo.gl\/Wid42VC2oo43RpAi7\">ENLLA\u00c7 A LES FOTOGRAFIES<\/a><\/li>\n<\/ul>\n<p><a href=\"https:\/\/photos.app.goo.gl\/Wid42VC2oo43RpAi7\"><\/a><\/p>\n","protected":false},"author":1,"featured_media":0,"comment_status":"open","ping_status":"closed","sticky":false,"template":"","format":"standard","meta":{"_bbp_topic_count":0,"_bbp_reply_count":0,"_bbp_total_topic_count":0,"_bbp_total_reply_count":0,"_bbp_voice_count":0,"_bbp_anonymous_reply_count":0,"_bbp_topic_count_hidden":0,"_bbp_reply_count_hidden":0,"_bbp_forum_subforum_count":0,"footnotes":""},"categories":[11,3,2,4,5],"tags":[],"class_list":["post-9046","post","type-post","status-publish","format-standard","hentry","category-cicle-inicial","category-ei3-ei4-ei5","category-infantil","category-portada","category-primaria"],"post_mailing_queue_ids":[],"_links":{"self":[{"href":"https:\/\/agora.xtec.cat\/escolamestralvilanova\/wp-json\/wp\/v2\/posts\/9046","targetHints":{"allow":["GET"]}}],"collection":[{"href":"https:\/\/agora.xtec.cat\/escolamestralvilanova\/wp-json\/wp\/v2\/posts"}],"about":[{"href":"https:\/\/agora.xtec.cat\/escolamestralvilanova\/wp-json\/wp\/v2\/types\/post"}],"author":[{"embeddable":true,"href":"https:\/\/agora.xtec.cat\/escolamestralvilanova\/wp-json\/wp\/v2\/users\/1"}],"replies":[{"embeddable":true,"href":"https:\/\/agora.xtec.cat\/escolamestralvilanova\/wp-json\/wp\/v2\/comments?post=9046"}],"version-history":[{"count":2,"href":"https:\/\/agora.xtec.cat\/escolamestralvilanova\/wp-json\/wp\/v2\/posts\/9046\/revisions"}],"predecessor-version":[{"id":9049,"href":"https:\/\/agora.xtec.cat\/escolamestralvilanova\/wp-json\/wp\/v2\/posts\/9046\/revisions\/9049"}],"wp:attachment":[{"href":"https:\/\/agora.xtec.cat\/escolamestralvilanova\/wp-json\/wp\/v2\/media?parent=9046"}],"wp:term":[{"taxonomy":"category","embeddable":true,"href":"https:\/\/agora.xtec.cat\/escolamestralvilanova\/wp-json\/wp\/v2\/categories?post=9046"},{"taxonomy":"post_tag","embeddable":true,"href":"https:\/\/agora.xtec.cat\/escolamestralvilanova\/wp-json\/wp\/v2\/tags?post=9046"}],"curies":[{"name":"wp","href":"https:\/\/api.w.org\/{rel}","templated":true}]}}