{"id":9042,"date":"2024-03-12T12:39:17","date_gmt":"2024-03-12T11:39:17","guid":{"rendered":"https:\/\/agora.xtec.cat\/escolamestralvilanova\/?p=9042"},"modified":"2024-03-14T13:03:33","modified_gmt":"2024-03-14T12:03:33","slug":"fem-un-video-per-al-german-martinez","status":"publish","type":"post","link":"https:\/\/agora.xtec.cat\/escolamestralvilanova\/portada\/fem-un-video-per-al-german-martinez\/","title":{"rendered":"FEM UN V\u00cdDEO PER AL GERM\u00c1N MARTINEZ!"},"content":{"rendered":"<p style=\"text-align: justify;\">Avui els infants de cicle mitj\u00e0 hem acabat al nostre v\u00eddeo per tal d&#8217;enviar-lo al cient\u00edfic Germ\u00e1n Mart\u00ednez que treballa a la <strong>NASA.<\/strong><\/p>\n<p style=\"text-align: justify;\">Partint de l&#8217;estudi de la vida i descobriments de Joan Or\u00f3, ens vam poder posar en contacte amb el cient\u00edfic German Mart\u00ednez. El German <span lang=\"ca\">Mart\u00ednez \u00e9s doctor en F\u00edsica, professor de Termodin\u00e0mica Atmosf\u00e8rica i Radiaci\u00f3 a la Universitat de Michigan, fellowship de la National Aeronautics and Space Administration (NASA) i un dels investigadors m\u00e9s prometedors<br \/>\nque ha sortit d&#8217;Espanya en els darrers temps.<br \/>\nA partir d&#8217;aquest contacte, se&#8217;ns va generar un inter\u00e8s pel planeta Mart i pels vehicles que s&#8217;han enviat durant aquest anys anomenats Rovers.<br \/>\nAmb tot aix\u00f2 i les nostres investigacions hem gravat un v\u00eddeo per tal d&#8217;enviar-lo al Germ\u00e1n i estem esperant amb molta il\u00b7lusi\u00f3 la seva resposta!<\/span><\/p>\n<p style=\"text-align: justify;\">Esperem que us agradi!<\/p>\n<p>&#8211; <a href=\"https:\/\/photos.app.goo.gl\/URPR5MAGkwdRh5zr5\">ENLLA\u00c7 AL V\u00cdDEO<\/a><\/p>\n<p><a href=\"https:\/\/photos.app.goo.gl\/URPR5MAGkwdRh5zr5\"><img loading=\"lazy\" decoding=\"async\" class=\"alignnone size-large wp-image-9043\" src=\"https:\/\/agora.xtec.cat\/escolamestralvilanova\/wp-content\/uploads\/usu729\/2024\/03\/investigamos-el-planeta-marte-1024x576.jpg\" alt=\"\" width=\"1024\" height=\"576\" srcset=\"https:\/\/agora.xtec.cat\/escolamestralvilanova\/wp-content\/uploads\/usu729\/2024\/03\/investigamos-el-planeta-marte-1024x576.jpg 1024w, https:\/\/agora.xtec.cat\/escolamestralvilanova\/wp-content\/uploads\/usu729\/2024\/03\/investigamos-el-planeta-marte-300x169.jpg 300w, https:\/\/agora.xtec.cat\/escolamestralvilanova\/wp-content\/uploads\/usu729\/2024\/03\/investigamos-el-planeta-marte-768x432.jpg 768w, https:\/\/agora.xtec.cat\/escolamestralvilanova\/wp-content\/uploads\/usu729\/2024\/03\/investigamos-el-planeta-marte-1536x864.jpg 1536w, https:\/\/agora.xtec.cat\/escolamestralvilanova\/wp-content\/uploads\/usu729\/2024\/03\/investigamos-el-planeta-marte.jpg 1920w\" sizes=\"auto, (max-width: 1024px) 100vw, 1024px\" \/><\/a><\/p>\n","protected":false},"excerpt":{"rendered":"<p>Avui els infants de cicle mitj\u00e0 hem acabat al nostre v\u00eddeo per tal d&#8217;enviar-lo al cient\u00edfic Germ\u00e1n Mart\u00ednez que treballa a la NASA.<br \/>\nPartint de l&#8217;estudi de la vida i descobriments de Joan Or\u00f3, ens vam poder posar en contacte amb el cient\u00edfic German Mart\u00ednez. El&hellip;  <a href=\"https:\/\/agora.xtec.cat\/escolamestralvilanova\/portada\/fem-un-video-per-al-german-martinez\/\" title=\"Read FEM UN V\u00cdDEO PER AL GERM\u00c1N MARTINEZ!\">Llegeix m\u00e9s\u00bb<\/a><\/p>\n","protected":false},"author":6,"featured_media":0,"comment_status":"open","ping_status":"closed","sticky":false,"template":"","format":"standard","meta":{"_bbp_topic_count":0,"_bbp_reply_count":0,"_bbp_total_topic_count":0,"_bbp_total_reply_count":0,"_bbp_voice_count":0,"_bbp_anonymous_reply_count":0,"_bbp_topic_count_hidden":0,"_bbp_reply_count_hidden":0,"_bbp_forum_subforum_count":0,"footnotes":""},"categories":[12,4,5],"tags":[],"class_list":["post-9042","post","type-post","status-publish","format-standard","hentry","category-tercer-quart","category-portada","category-primaria"],"post_mailing_queue_ids":[],"_links":{"self":[{"href":"https:\/\/agora.xtec.cat\/escolamestralvilanova\/wp-json\/wp\/v2\/posts\/9042","targetHints":{"allow":["GET"]}}],"collection":[{"href":"https:\/\/agora.xtec.cat\/escolamestralvilanova\/wp-json\/wp\/v2\/posts"}],"about":[{"href":"https:\/\/agora.xtec.cat\/escolamestralvilanova\/wp-json\/wp\/v2\/types\/post"}],"author":[{"embeddable":true,"href":"https:\/\/agora.xtec.cat\/escolamestralvilanova\/wp-json\/wp\/v2\/users\/6"}],"replies":[{"embeddable":true,"href":"https:\/\/agora.xtec.cat\/escolamestralvilanova\/wp-json\/wp\/v2\/comments?post=9042"}],"version-history":[{"count":2,"href":"https:\/\/agora.xtec.cat\/escolamestralvilanova\/wp-json\/wp\/v2\/posts\/9042\/revisions"}],"predecessor-version":[{"id":9045,"href":"https:\/\/agora.xtec.cat\/escolamestralvilanova\/wp-json\/wp\/v2\/posts\/9042\/revisions\/9045"}],"wp:attachment":[{"href":"https:\/\/agora.xtec.cat\/escolamestralvilanova\/wp-json\/wp\/v2\/media?parent=9042"}],"wp:term":[{"taxonomy":"category","embeddable":true,"href":"https:\/\/agora.xtec.cat\/escolamestralvilanova\/wp-json\/wp\/v2\/categories?post=9042"},{"taxonomy":"post_tag","embeddable":true,"href":"https:\/\/agora.xtec.cat\/escolamestralvilanova\/wp-json\/wp\/v2\/tags?post=9042"}],"curies":[{"name":"wp","href":"https:\/\/api.w.org\/{rel}","templated":true}]}}