{"id":9018,"date":"2024-02-23T16:20:39","date_gmt":"2024-02-23T15:20:39","guid":{"rendered":"https:\/\/agora.xtec.cat\/escolamestralvilanova\/?p=9018"},"modified":"2024-02-23T16:20:39","modified_gmt":"2024-02-23T15:20:39","slug":"sortida-a-ager","status":"publish","type":"post","link":"https:\/\/agora.xtec.cat\/escolamestralvilanova\/portada\/sortida-a-ager\/","title":{"rendered":"SORTIDA A \u00c0GER"},"content":{"rendered":"<p>Avui els alumnes de Cicle Mitj\u00e0 i Cicle Superior hem realitzat una sortida de ZER a \u00c0ger.<\/p>\n<p>Ens ho hem passat molt b\u00e9!<\/p>\n<ul>\n<li><a href=\"https:\/\/photos.app.goo.gl\/44Xm17FkxcvUnUpe8\">ENLLA\u00c7 A LES FOTOGRAFIES<\/a><\/li>\n<\/ul>\n<p><a href=\"https:\/\/photos.app.goo.gl\/44Xm17FkxcvUnUpe8\"><img loading=\"lazy\" decoding=\"async\" class=\"alignnone size-medium wp-image-9019\" src=\"https:\/\/agora.xtec.cat\/escolamestralvilanova\/wp-content\/uploads\/usu729\/2024\/02\/Imatge1-2-300x202.png\" alt=\"\" width=\"300\" height=\"202\" srcset=\"https:\/\/agora.xtec.cat\/escolamestralvilanova\/wp-content\/uploads\/usu729\/2024\/02\/Imatge1-2-300x202.png 300w, https:\/\/agora.xtec.cat\/escolamestralvilanova\/wp-content\/uploads\/usu729\/2024\/02\/Imatge1-2-1024x689.png 1024w, https:\/\/agora.xtec.cat\/escolamestralvilanova\/wp-content\/uploads\/usu729\/2024\/02\/Imatge1-2-768x517.png 768w, https:\/\/agora.xtec.cat\/escolamestralvilanova\/wp-content\/uploads\/usu729\/2024\/02\/Imatge1-2-1536x1034.png 1536w, https:\/\/agora.xtec.cat\/escolamestralvilanova\/wp-content\/uploads\/usu729\/2024\/02\/Imatge1-2.png 1604w\" sizes=\"auto, (max-width: 300px) 100vw, 300px\" \/><\/a><\/p>\n","protected":false},"excerpt":{"rendered":"<p>Avui els alumnes de Cicle Mitj\u00e0 i Cicle Superior hem realitzat una sortida de ZER a \u00c0ger.<br \/>\nEns ho hem passat molt b\u00e9!<\/p>\n<ul>\n<li><a href=\"https:\/\/photos.app.goo.gl\/44Xm17FkxcvUnUpe8\">ENLLA\u00c7 A LES FOTOGRAFIES<\/a><\/li>\n<\/ul>\n<p><a href=\"https:\/\/photos.app.goo.gl\/44Xm17FkxcvUnUpe8\"><\/a><\/p>\n","protected":false},"author":1,"featured_media":0,"comment_status":"open","ping_status":"closed","sticky":false,"template":"","format":"standard","meta":{"_bbp_topic_count":0,"_bbp_reply_count":0,"_bbp_total_topic_count":0,"_bbp_total_reply_count":0,"_bbp_voice_count":0,"_bbp_anonymous_reply_count":0,"_bbp_topic_count_hidden":0,"_bbp_reply_count_hidden":0,"_bbp_forum_subforum_count":0,"footnotes":""},"categories":[15,4,5],"tags":[],"class_list":["post-9018","post","type-post","status-publish","format-standard","hentry","category-cicle-superior","category-portada","category-primaria"],"post_mailing_queue_ids":[],"_links":{"self":[{"href":"https:\/\/agora.xtec.cat\/escolamestralvilanova\/wp-json\/wp\/v2\/posts\/9018","targetHints":{"allow":["GET"]}}],"collection":[{"href":"https:\/\/agora.xtec.cat\/escolamestralvilanova\/wp-json\/wp\/v2\/posts"}],"about":[{"href":"https:\/\/agora.xtec.cat\/escolamestralvilanova\/wp-json\/wp\/v2\/types\/post"}],"author":[{"embeddable":true,"href":"https:\/\/agora.xtec.cat\/escolamestralvilanova\/wp-json\/wp\/v2\/users\/1"}],"replies":[{"embeddable":true,"href":"https:\/\/agora.xtec.cat\/escolamestralvilanova\/wp-json\/wp\/v2\/comments?post=9018"}],"version-history":[{"count":1,"href":"https:\/\/agora.xtec.cat\/escolamestralvilanova\/wp-json\/wp\/v2\/posts\/9018\/revisions"}],"predecessor-version":[{"id":9020,"href":"https:\/\/agora.xtec.cat\/escolamestralvilanova\/wp-json\/wp\/v2\/posts\/9018\/revisions\/9020"}],"wp:attachment":[{"href":"https:\/\/agora.xtec.cat\/escolamestralvilanova\/wp-json\/wp\/v2\/media?parent=9018"}],"wp:term":[{"taxonomy":"category","embeddable":true,"href":"https:\/\/agora.xtec.cat\/escolamestralvilanova\/wp-json\/wp\/v2\/categories?post=9018"},{"taxonomy":"post_tag","embeddable":true,"href":"https:\/\/agora.xtec.cat\/escolamestralvilanova\/wp-json\/wp\/v2\/tags?post=9018"}],"curies":[{"name":"wp","href":"https:\/\/api.w.org\/{rel}","templated":true}]}}