{"id":9013,"date":"2024-02-20T14:05:34","date_gmt":"2024-02-20T13:05:34","guid":{"rendered":"https:\/\/agora.xtec.cat\/escolamestralvilanova\/?p=9013"},"modified":"2024-02-20T14:20:39","modified_gmt":"2024-02-20T13:20:39","slug":"lectura-col%c2%b7lectiva-la-casa-del-misteri","status":"publish","type":"post","link":"https:\/\/agora.xtec.cat\/escolamestralvilanova\/general\/lectura-col%c2%b7lectiva-la-casa-del-misteri\/","title":{"rendered":"LECTURA COL\u00b7LECTIVA &#8220;LA CASA DEL MISTERI&#8221;"},"content":{"rendered":"<p>Avui els infants de cicle mitj\u00e0 hem fet la lectura col\u00b7lectiva del conte &#8220;La casa del misteri&#8221;.<\/p>\n<p>Gr\u00e0cies a les caixes de llibres que ens cedeix el bibliob\u00fas podem treballar contes tenint un exemplar per cadasc\u00fa.<\/p>\n<p>El conte d&#8217;avui ens ha encantat!<\/p>\n<p>Tamb\u00e9 hem enregistrat v\u00eddeos de com llegim per poder veure all\u00f2 que hem de millorar. Seguir practicant la lectura a casa i a l&#8217;escola \u00e9s molt important per al nostre aprenentatge!<\/p>\n<ul>\n<li><a href=\"https:\/\/photos.app.goo.gl\/mWeCF6TMLDo61aKd9\">ENLLA\u00c7 A LES FOTOGRAFIES<\/a><\/li>\n<li><a href=\"https:\/\/photos.app.goo.gl\/TqUjkh8hNovrSYNs9\">ENLLA\u00c7 AL V\u00cdDEO<\/a><\/li>\n<\/ul>\n<p><a href=\"https:\/\/agora.xtec.cat\/escolamestralvilanova\/wp-content\/uploads\/usu729\/2024\/02\/misteri.jpg\"><img loading=\"lazy\" decoding=\"async\" class=\"alignnone wp-image-9015 size-medium\" src=\"https:\/\/agora.xtec.cat\/escolamestralvilanova\/wp-content\/uploads\/usu729\/2024\/02\/misteri-225x300.jpg\" alt=\"\" width=\"225\" height=\"300\" srcset=\"https:\/\/agora.xtec.cat\/escolamestralvilanova\/wp-content\/uploads\/usu729\/2024\/02\/misteri-225x300.jpg 225w, https:\/\/agora.xtec.cat\/escolamestralvilanova\/wp-content\/uploads\/usu729\/2024\/02\/misteri.jpg 768w\" sizes=\"auto, (max-width: 225px) 100vw, 225px\" \/><\/a><\/p>\n<p>&nbsp;<\/p>\n<p>&nbsp;<\/p>\n<p>&nbsp;<\/p>\n","protected":false},"excerpt":{"rendered":"<p>Avui els infants de cicle mitj\u00e0 hem fet la lectura col\u00b7lectiva del conte &#8220;La casa del misteri&#8221;.<br \/>\nGr\u00e0cies a les caixes de llibres que ens cedeix el bibliob\u00fas podem treballar contes tenint un exemplar per cadasc\u00fa.<br \/>\nEl conte d&#8217;avui ens ha encantat!<br \/>\nTamb\u00e9 hem enregistrat v\u00eddeos de com&hellip;  <a href=\"https:\/\/agora.xtec.cat\/escolamestralvilanova\/general\/lectura-col%c2%b7lectiva-la-casa-del-misteri\/\" title=\"Read LECTURA COL\u00b7LECTIVA &#8220;LA CASA DEL MISTERI&#8221;\">Llegeix m\u00e9s\u00bb<\/a><\/p>\n","protected":false},"author":6,"featured_media":0,"comment_status":"open","ping_status":"closed","sticky":false,"template":"","format":"standard","meta":{"_bbp_topic_count":0,"_bbp_reply_count":0,"_bbp_total_topic_count":0,"_bbp_total_reply_count":0,"_bbp_voice_count":0,"_bbp_anonymous_reply_count":0,"_bbp_topic_count_hidden":0,"_bbp_reply_count_hidden":0,"_bbp_forum_subforum_count":0,"footnotes":""},"categories":[12,1,4,5],"tags":[],"class_list":["post-9013","post","type-post","status-publish","format-standard","hentry","category-tercer-quart","category-general","category-portada","category-primaria"],"post_mailing_queue_ids":[],"_links":{"self":[{"href":"https:\/\/agora.xtec.cat\/escolamestralvilanova\/wp-json\/wp\/v2\/posts\/9013","targetHints":{"allow":["GET"]}}],"collection":[{"href":"https:\/\/agora.xtec.cat\/escolamestralvilanova\/wp-json\/wp\/v2\/posts"}],"about":[{"href":"https:\/\/agora.xtec.cat\/escolamestralvilanova\/wp-json\/wp\/v2\/types\/post"}],"author":[{"embeddable":true,"href":"https:\/\/agora.xtec.cat\/escolamestralvilanova\/wp-json\/wp\/v2\/users\/6"}],"replies":[{"embeddable":true,"href":"https:\/\/agora.xtec.cat\/escolamestralvilanova\/wp-json\/wp\/v2\/comments?post=9013"}],"version-history":[{"count":2,"href":"https:\/\/agora.xtec.cat\/escolamestralvilanova\/wp-json\/wp\/v2\/posts\/9013\/revisions"}],"predecessor-version":[{"id":9017,"href":"https:\/\/agora.xtec.cat\/escolamestralvilanova\/wp-json\/wp\/v2\/posts\/9013\/revisions\/9017"}],"wp:attachment":[{"href":"https:\/\/agora.xtec.cat\/escolamestralvilanova\/wp-json\/wp\/v2\/media?parent=9013"}],"wp:term":[{"taxonomy":"category","embeddable":true,"href":"https:\/\/agora.xtec.cat\/escolamestralvilanova\/wp-json\/wp\/v2\/categories?post=9013"},{"taxonomy":"post_tag","embeddable":true,"href":"https:\/\/agora.xtec.cat\/escolamestralvilanova\/wp-json\/wp\/v2\/tags?post=9013"}],"curies":[{"name":"wp","href":"https:\/\/api.w.org\/{rel}","templated":true}]}}