{"id":9003,"date":"2024-02-16T12:02:16","date_gmt":"2024-02-16T11:02:16","guid":{"rendered":"https:\/\/agora.xtec.cat\/escolamestralvilanova\/?p=9003"},"modified":"2024-02-16T12:02:16","modified_gmt":"2024-02-16T11:02:16","slug":"pintem-una-aquarel%c2%b7la-del-parc-astronomic-del-montsec","status":"publish","type":"post","link":"https:\/\/agora.xtec.cat\/escolamestralvilanova\/general\/pintem-una-aquarel%c2%b7la-del-parc-astronomic-del-montsec\/","title":{"rendered":"PINTEM UNA AQUAREL\u00b7LA DEL PARC ASTRON\u00d2MIC DEL MONTSEC!"},"content":{"rendered":"<p>Els infants de cicle mitj\u00e0 ja ens estem preparant propera sortida al Parc Astron\u00f2mic del Montsec.<\/p>\n<p>Hem investigat qu\u00e8 \u00e9s, quines instal\u00b7lacions t\u00e9, perqu\u00e8 \u00e9s important, on est\u00e0 situat&#8230;<\/p>\n<p>Un cop hem fet totes aquestes indagacions l&#8217;hem dibuixat i fet una aquarel\u00b7la de l&#8217;edifici principal.<\/p>\n<p>Estem molt engrescats amb aquesta sortida i hem fet una obra d&#8217;art!<\/p>\n<ul>\n<li><a href=\"https:\/\/photos.app.goo.gl\/o2nNAehrvMQ3eWXV6\">ENLLA\u00c7 A LES NOSTRES OBRES D&#8217;ART<\/a><\/li>\n<\/ul>\n<p><a href=\"https:\/\/agora.xtec.cat\/escolamestralvilanova\/wp-content\/uploads\/usu729\/2024\/02\/IMG_0026.jpg\"><img loading=\"lazy\" decoding=\"async\" class=\"alignnone size-large wp-image-9004\" src=\"https:\/\/agora.xtec.cat\/escolamestralvilanova\/wp-content\/uploads\/usu729\/2024\/02\/IMG_0026-1024x960.jpg\" alt=\"\" width=\"1024\" height=\"960\" srcset=\"https:\/\/agora.xtec.cat\/escolamestralvilanova\/wp-content\/uploads\/usu729\/2024\/02\/IMG_0026-1024x960.jpg 1024w, https:\/\/agora.xtec.cat\/escolamestralvilanova\/wp-content\/uploads\/usu729\/2024\/02\/IMG_0026-300x281.jpg 300w, https:\/\/agora.xtec.cat\/escolamestralvilanova\/wp-content\/uploads\/usu729\/2024\/02\/IMG_0026-768x720.jpg 768w, https:\/\/agora.xtec.cat\/escolamestralvilanova\/wp-content\/uploads\/usu729\/2024\/02\/IMG_0026-1536x1440.jpg 1536w, https:\/\/agora.xtec.cat\/escolamestralvilanova\/wp-content\/uploads\/usu729\/2024\/02\/IMG_0026.jpg 1798w\" sizes=\"auto, (max-width: 1024px) 100vw, 1024px\" \/><\/a><\/p>\n","protected":false},"excerpt":{"rendered":"<p>Els infants de cicle mitj\u00e0 ja ens estem preparant propera sortida al Parc Astron\u00f2mic del Montsec.<br \/>\nHem investigat qu\u00e8 \u00e9s, quines instal\u00b7lacions t\u00e9, perqu\u00e8 \u00e9s important, on est\u00e0 situat&#8230;<br \/>\nUn cop hem fet totes aquestes indagacions l&#8217;hem dibuixat i fet una aquarel\u00b7la de l&#8217;edifici principal.<br \/>\nEstem molt engrescats&hellip;  <a href=\"https:\/\/agora.xtec.cat\/escolamestralvilanova\/general\/pintem-una-aquarel%c2%b7la-del-parc-astronomic-del-montsec\/\" title=\"Read PINTEM UNA AQUAREL\u00b7LA DEL PARC ASTRON\u00d2MIC DEL MONTSEC!\">Llegeix m\u00e9s\u00bb<\/a><\/p>\n","protected":false},"author":6,"featured_media":0,"comment_status":"open","ping_status":"closed","sticky":false,"template":"","format":"standard","meta":{"_bbp_topic_count":0,"_bbp_reply_count":0,"_bbp_total_topic_count":0,"_bbp_total_reply_count":0,"_bbp_voice_count":0,"_bbp_anonymous_reply_count":0,"_bbp_topic_count_hidden":0,"_bbp_reply_count_hidden":0,"_bbp_forum_subforum_count":0,"footnotes":""},"categories":[12,1,4,5],"tags":[],"class_list":["post-9003","post","type-post","status-publish","format-standard","hentry","category-tercer-quart","category-general","category-portada","category-primaria"],"post_mailing_queue_ids":[],"_links":{"self":[{"href":"https:\/\/agora.xtec.cat\/escolamestralvilanova\/wp-json\/wp\/v2\/posts\/9003","targetHints":{"allow":["GET"]}}],"collection":[{"href":"https:\/\/agora.xtec.cat\/escolamestralvilanova\/wp-json\/wp\/v2\/posts"}],"about":[{"href":"https:\/\/agora.xtec.cat\/escolamestralvilanova\/wp-json\/wp\/v2\/types\/post"}],"author":[{"embeddable":true,"href":"https:\/\/agora.xtec.cat\/escolamestralvilanova\/wp-json\/wp\/v2\/users\/6"}],"replies":[{"embeddable":true,"href":"https:\/\/agora.xtec.cat\/escolamestralvilanova\/wp-json\/wp\/v2\/comments?post=9003"}],"version-history":[{"count":1,"href":"https:\/\/agora.xtec.cat\/escolamestralvilanova\/wp-json\/wp\/v2\/posts\/9003\/revisions"}],"predecessor-version":[{"id":9005,"href":"https:\/\/agora.xtec.cat\/escolamestralvilanova\/wp-json\/wp\/v2\/posts\/9003\/revisions\/9005"}],"wp:attachment":[{"href":"https:\/\/agora.xtec.cat\/escolamestralvilanova\/wp-json\/wp\/v2\/media?parent=9003"}],"wp:term":[{"taxonomy":"category","embeddable":true,"href":"https:\/\/agora.xtec.cat\/escolamestralvilanova\/wp-json\/wp\/v2\/categories?post=9003"},{"taxonomy":"post_tag","embeddable":true,"href":"https:\/\/agora.xtec.cat\/escolamestralvilanova\/wp-json\/wp\/v2\/tags?post=9003"}],"curies":[{"name":"wp","href":"https:\/\/api.w.org\/{rel}","templated":true}]}}