{"id":8989,"date":"2024-02-15T12:43:44","date_gmt":"2024-02-15T11:43:44","guid":{"rendered":"https:\/\/agora.xtec.cat\/escolamestralvilanova\/?p=8989"},"modified":"2024-02-15T12:43:44","modified_gmt":"2024-02-15T11:43:44","slug":"fem-un-prego-7","status":"publish","type":"post","link":"https:\/\/agora.xtec.cat\/escolamestralvilanova\/general\/fem-un-prego-7\/","title":{"rendered":"FEM UN PREG\u00d3!"},"content":{"rendered":"<p>Avui els infants de cicle mitj\u00e0 hem anat a l&#8217;ajuntament a fer un preg\u00f3 per anunciar la nostra Rua de Carnaval.<\/p>\n<p>La Rua sortir\u00e0 dem\u00e0 de l&#8217;escola a les 15:15h i far\u00e0 un petit recorregut pel poble.<\/p>\n<p>Us hi esperem!<\/p>\n<ul>\n<li><a href=\"https:\/\/photos.app.goo.gl\/ACYc73k87XmDZRJU8\">ENLLA\u00c7 AL V\u00cdDEO<\/a><\/li>\n<\/ul>\n<p><a href=\"https:\/\/photos.app.goo.gl\/ACYc73k87XmDZRJU8\"><img loading=\"lazy\" decoding=\"async\" class=\"alignnone wp-image-8991 size-medium\" src=\"https:\/\/agora.xtec.cat\/escolamestralvilanova\/wp-content\/uploads\/usu729\/2024\/02\/bona-300x225.jpg\" alt=\"\" width=\"300\" height=\"225\" srcset=\"https:\/\/agora.xtec.cat\/escolamestralvilanova\/wp-content\/uploads\/usu729\/2024\/02\/bona-300x225.jpg 300w, https:\/\/agora.xtec.cat\/escolamestralvilanova\/wp-content\/uploads\/usu729\/2024\/02\/bona-768x576.jpg 768w, https:\/\/agora.xtec.cat\/escolamestralvilanova\/wp-content\/uploads\/usu729\/2024\/02\/bona-200x150.jpg 200w, https:\/\/agora.xtec.cat\/escolamestralvilanova\/wp-content\/uploads\/usu729\/2024\/02\/bona.jpg 1024w\" sizes=\"auto, (max-width: 300px) 100vw, 300px\" \/><\/a><\/p>\n","protected":false},"excerpt":{"rendered":"<p>Avui els infants de cicle mitj\u00e0 hem anat a l&#8217;ajuntament a fer un preg\u00f3 per anunciar la nostra Rua de Carnaval.<br \/>\nLa Rua sortir\u00e0 dem\u00e0 de l&#8217;escola a les 15:15h i far\u00e0 un petit recorregut pel poble.<br \/>\nUs hi esperem!<\/p>\n<ul>\n<li><a href=\"https:\/\/photos.app.goo.gl\/ACYc73k87XmDZRJU8\">ENLLA\u00c7 AL V\u00cdDEO<\/a><\/li>\n<\/ul>\n<p><a href=\"https:\/\/photos.app.goo.gl\/ACYc73k87XmDZRJU8\"><\/a><\/p>\n","protected":false},"author":6,"featured_media":0,"comment_status":"open","ping_status":"closed","sticky":false,"template":"","format":"standard","meta":{"_bbp_topic_count":0,"_bbp_reply_count":0,"_bbp_total_topic_count":0,"_bbp_total_reply_count":0,"_bbp_voice_count":0,"_bbp_anonymous_reply_count":0,"_bbp_topic_count_hidden":0,"_bbp_reply_count_hidden":0,"_bbp_forum_subforum_count":0,"footnotes":""},"categories":[12,1,4,5],"tags":[],"class_list":["post-8989","post","type-post","status-publish","format-standard","hentry","category-tercer-quart","category-general","category-portada","category-primaria"],"post_mailing_queue_ids":[],"_links":{"self":[{"href":"https:\/\/agora.xtec.cat\/escolamestralvilanova\/wp-json\/wp\/v2\/posts\/8989","targetHints":{"allow":["GET"]}}],"collection":[{"href":"https:\/\/agora.xtec.cat\/escolamestralvilanova\/wp-json\/wp\/v2\/posts"}],"about":[{"href":"https:\/\/agora.xtec.cat\/escolamestralvilanova\/wp-json\/wp\/v2\/types\/post"}],"author":[{"embeddable":true,"href":"https:\/\/agora.xtec.cat\/escolamestralvilanova\/wp-json\/wp\/v2\/users\/6"}],"replies":[{"embeddable":true,"href":"https:\/\/agora.xtec.cat\/escolamestralvilanova\/wp-json\/wp\/v2\/comments?post=8989"}],"version-history":[{"count":2,"href":"https:\/\/agora.xtec.cat\/escolamestralvilanova\/wp-json\/wp\/v2\/posts\/8989\/revisions"}],"predecessor-version":[{"id":8996,"href":"https:\/\/agora.xtec.cat\/escolamestralvilanova\/wp-json\/wp\/v2\/posts\/8989\/revisions\/8996"}],"wp:attachment":[{"href":"https:\/\/agora.xtec.cat\/escolamestralvilanova\/wp-json\/wp\/v2\/media?parent=8989"}],"wp:term":[{"taxonomy":"category","embeddable":true,"href":"https:\/\/agora.xtec.cat\/escolamestralvilanova\/wp-json\/wp\/v2\/categories?post=8989"},{"taxonomy":"post_tag","embeddable":true,"href":"https:\/\/agora.xtec.cat\/escolamestralvilanova\/wp-json\/wp\/v2\/tags?post=8989"}],"curies":[{"name":"wp","href":"https:\/\/api.w.org\/{rel}","templated":true}]}}