{"id":8955,"date":"2024-02-07T14:04:26","date_gmt":"2024-02-07T13:04:26","guid":{"rendered":"https:\/\/agora.xtec.cat\/escolamestralvilanova\/?p=8955"},"modified":"2024-02-07T14:04:26","modified_gmt":"2024-02-07T13:04:26","slug":"vi-setmana-de-la-ciencia_fem-un-prego","status":"publish","type":"post","link":"https:\/\/agora.xtec.cat\/escolamestralvilanova\/infantil\/vi-setmana-de-la-ciencia_fem-un-prego\/","title":{"rendered":"VI SETMANA DE LA CI\u00c8NCIA_Fem un preg\u00f3"},"content":{"rendered":"<p>Avui l\u2019alumnat de cicle Inicial hem anat a fer un preg\u00f3 a l&#8217;Ajuntament per explicar l&#8217;activitat de ci\u00e8ncia al carrer que es dur\u00e0 a terme dem\u00e0, <strong>8 de febrer,<\/strong> a les <strong>15:45 hores<\/strong> davant de l&#8217;escola.<\/p>\n<ul>\n<li><a href=\"https:\/\/photos.app.goo.gl\/f8uQgHNEVTqC4G6L7\">ENLLA\u00c7 A LES FOTOGRAFIES I V\u00cdDEO<\/a><\/li>\n<\/ul>\n<p><a href=\"https:\/\/drive.google.com\/file\/d\/16JRisutDO91V-LutXi9tugrKYxJnnuCl\/view?usp=drive_link\"><img loading=\"lazy\" decoding=\"async\" class=\"alignnone size-medium wp-image-8956\" src=\"https:\/\/agora.xtec.cat\/escolamestralvilanova\/wp-content\/uploads\/usu729\/2024\/02\/PREGO-189x300.png\" alt=\"\" width=\"189\" height=\"300\" srcset=\"https:\/\/agora.xtec.cat\/escolamestralvilanova\/wp-content\/uploads\/usu729\/2024\/02\/PREGO-189x300.png 189w, https:\/\/agora.xtec.cat\/escolamestralvilanova\/wp-content\/uploads\/usu729\/2024\/02\/PREGO.png 551w\" sizes=\"auto, (max-width: 189px) 100vw, 189px\" \/><\/a><\/p>\n","protected":false},"excerpt":{"rendered":"<p>Avui l\u2019alumnat de cicle Inicial hem anat a fer un preg\u00f3 a l&#8217;Ajuntament per explicar l&#8217;activitat de ci\u00e8ncia al carrer que es dur\u00e0 a terme dem\u00e0, 8 de febrer, a les 15:45 hores davant de l&#8217;escola.<\/p>\n<ul>\n<li><a href=\"https:\/\/photos.app.goo.gl\/f8uQgHNEVTqC4G6L7\">ENLLA\u00c7 A LES FOTOGRAFIES I V\u00cdDEO<\/a><\/li>\n<\/ul>\n<p><a href=\"https:\/\/drive.google.com\/file\/d\/16JRisutDO91V-LutXi9tugrKYxJnnuCl\/view?usp=drive_link\"><\/a><\/p>\n","protected":false},"author":1,"featured_media":0,"comment_status":"open","ping_status":"closed","sticky":false,"template":"","format":"standard","meta":{"_bbp_topic_count":0,"_bbp_reply_count":0,"_bbp_total_topic_count":0,"_bbp_total_reply_count":0,"_bbp_voice_count":0,"_bbp_anonymous_reply_count":0,"_bbp_topic_count_hidden":0,"_bbp_reply_count_hidden":0,"_bbp_forum_subforum_count":0,"footnotes":""},"categories":[11,2,4,5],"tags":[],"class_list":["post-8955","post","type-post","status-publish","format-standard","hentry","category-cicle-inicial","category-infantil","category-portada","category-primaria"],"post_mailing_queue_ids":[],"_links":{"self":[{"href":"https:\/\/agora.xtec.cat\/escolamestralvilanova\/wp-json\/wp\/v2\/posts\/8955","targetHints":{"allow":["GET"]}}],"collection":[{"href":"https:\/\/agora.xtec.cat\/escolamestralvilanova\/wp-json\/wp\/v2\/posts"}],"about":[{"href":"https:\/\/agora.xtec.cat\/escolamestralvilanova\/wp-json\/wp\/v2\/types\/post"}],"author":[{"embeddable":true,"href":"https:\/\/agora.xtec.cat\/escolamestralvilanova\/wp-json\/wp\/v2\/users\/1"}],"replies":[{"embeddable":true,"href":"https:\/\/agora.xtec.cat\/escolamestralvilanova\/wp-json\/wp\/v2\/comments?post=8955"}],"version-history":[{"count":1,"href":"https:\/\/agora.xtec.cat\/escolamestralvilanova\/wp-json\/wp\/v2\/posts\/8955\/revisions"}],"predecessor-version":[{"id":8957,"href":"https:\/\/agora.xtec.cat\/escolamestralvilanova\/wp-json\/wp\/v2\/posts\/8955\/revisions\/8957"}],"wp:attachment":[{"href":"https:\/\/agora.xtec.cat\/escolamestralvilanova\/wp-json\/wp\/v2\/media?parent=8955"}],"wp:term":[{"taxonomy":"category","embeddable":true,"href":"https:\/\/agora.xtec.cat\/escolamestralvilanova\/wp-json\/wp\/v2\/categories?post=8955"},{"taxonomy":"post_tag","embeddable":true,"href":"https:\/\/agora.xtec.cat\/escolamestralvilanova\/wp-json\/wp\/v2\/tags?post=8955"}],"curies":[{"name":"wp","href":"https:\/\/api.w.org\/{rel}","templated":true}]}}