{"id":895,"date":"2018-11-13T13:25:00","date_gmt":"2018-11-13T12:25:00","guid":{"rendered":"http:\/\/agora.xtec.cat\/escolamestralvilanova\/?p=895"},"modified":"2018-11-13T17:31:04","modified_gmt":"2018-11-13T16:31:04","slug":"mercat-de-custodia","status":"publish","type":"post","link":"https:\/\/agora.xtec.cat\/escolamestralvilanova\/general\/mercat-de-custodia\/","title":{"rendered":"MERCAT DE CUST\u00d2DIA"},"content":{"rendered":"<p>Us convidem al tradicional &#8220;Mercat de Cust\u00f2dia&#8221; que es dur\u00e0 a terme el proper dijous 15 de novembre a les 16 hores a l&#8217;interior de l&#8217;escola.<\/p>\n<p>En aquesta ocasi\u00f3 el producte elaborat es tracta d&#8217;un cactus confeccionat amb pedres decorades pels mateixos alumnes.<\/p>\n<p>El preu ser\u00e0 de 2 EUROS i els diners recollits s&#8217;empraran per finan\u00e7ar una activitat educativa (teatre, concert, etc.)<\/p>\n<p>Us hi esperem!<\/p>\n<p><a href=\"https:\/\/agora.xtec.cat\/escolamestralvilanova\/wp-content\/uploads\/usu729\/2018\/11\/Mercat-de-cust\u00f2dia.png\"><img loading=\"lazy\" decoding=\"async\" class=\"alignnone wp-image-896 size-medium\" src=\"https:\/\/agora.xtec.cat\/escolamestralvilanova\/wp-content\/uploads\/usu729\/2018\/11\/Mercat-de-cust\u00f2dia-300x212.png\" alt=\"\" width=\"300\" height=\"212\" \/><\/a><\/p>\n","protected":false},"excerpt":{"rendered":"<p>Us convidem al tradicional &#8220;Mercat de Cust\u00f2dia&#8221; que es dur\u00e0 a terme el proper dijous 15 de novembre a les 16 hores a l&#8217;interior de l&#8217;escola.<br \/>\nEn aquesta ocasi\u00f3 el producte elaborat es tracta d&#8217;un cactus confeccionat amb pedres decorades pels mateixos alumnes.<br \/>\nEl preu ser\u00e0 de&hellip;  <a href=\"https:\/\/agora.xtec.cat\/escolamestralvilanova\/general\/mercat-de-custodia\/\" title=\"Read MERCAT DE CUST\u00d2DIA\">Llegeix m\u00e9s\u00bb<\/a><\/p>\n","protected":false},"author":1,"featured_media":0,"comment_status":"open","ping_status":"closed","sticky":false,"template":"","format":"standard","meta":{"_bbp_topic_count":0,"_bbp_reply_count":0,"_bbp_total_topic_count":0,"_bbp_total_reply_count":0,"_bbp_voice_count":0,"_bbp_anonymous_reply_count":0,"_bbp_topic_count_hidden":0,"_bbp_reply_count_hidden":0,"_bbp_forum_subforum_count":0,"footnotes":""},"categories":[23,1,4],"tags":[],"class_list":["post-895","post","type-post","status-publish","format-standard","hentry","category-escola-verda","category-general","category-portada"],"post_mailing_queue_ids":[],"_links":{"self":[{"href":"https:\/\/agora.xtec.cat\/escolamestralvilanova\/wp-json\/wp\/v2\/posts\/895","targetHints":{"allow":["GET"]}}],"collection":[{"href":"https:\/\/agora.xtec.cat\/escolamestralvilanova\/wp-json\/wp\/v2\/posts"}],"about":[{"href":"https:\/\/agora.xtec.cat\/escolamestralvilanova\/wp-json\/wp\/v2\/types\/post"}],"author":[{"embeddable":true,"href":"https:\/\/agora.xtec.cat\/escolamestralvilanova\/wp-json\/wp\/v2\/users\/1"}],"replies":[{"embeddable":true,"href":"https:\/\/agora.xtec.cat\/escolamestralvilanova\/wp-json\/wp\/v2\/comments?post=895"}],"version-history":[{"count":2,"href":"https:\/\/agora.xtec.cat\/escolamestralvilanova\/wp-json\/wp\/v2\/posts\/895\/revisions"}],"predecessor-version":[{"id":902,"href":"https:\/\/agora.xtec.cat\/escolamestralvilanova\/wp-json\/wp\/v2\/posts\/895\/revisions\/902"}],"wp:attachment":[{"href":"https:\/\/agora.xtec.cat\/escolamestralvilanova\/wp-json\/wp\/v2\/media?parent=895"}],"wp:term":[{"taxonomy":"category","embeddable":true,"href":"https:\/\/agora.xtec.cat\/escolamestralvilanova\/wp-json\/wp\/v2\/categories?post=895"},{"taxonomy":"post_tag","embeddable":true,"href":"https:\/\/agora.xtec.cat\/escolamestralvilanova\/wp-json\/wp\/v2\/tags?post=895"}],"curies":[{"name":"wp","href":"https:\/\/api.w.org\/{rel}","templated":true}]}}