{"id":8948,"date":"2024-02-05T12:11:34","date_gmt":"2024-02-05T11:11:34","guid":{"rendered":"https:\/\/agora.xtec.cat\/escolamestralvilanova\/?p=8948"},"modified":"2024-02-07T12:20:22","modified_gmt":"2024-02-07T11:20:22","slug":"vi-setmana-de-la-ciencia_joan-oro","status":"publish","type":"post","link":"https:\/\/agora.xtec.cat\/escolamestralvilanova\/infantil\/vi-setmana-de-la-ciencia_joan-oro\/","title":{"rendered":"VI SETMANA DE LA CI\u00c8NCIA_Joan Or\u00f3"},"content":{"rendered":"<p style=\"text-align: justify;\">Aprofitant que l&#8217;any 2023 ha estat l&#8217;any Or\u00f3 i en relaci\u00f3 amb la VI Setmana Setmana de la Ci\u00e8ncia a l&#8217;escola, durant les darreres setmanes les diferents aules hem treballat la figura de Joan Or\u00f3, cient\u00edfic lleidat\u00e0 de gran rellev\u00e0ncia.<\/p>\n<p style=\"text-align: justify;\">Cada aula ens hem repartit aspectes de la seva vida, descobriments i aven\u00e7os cient\u00edfics i avui com a acte d&#8217;inici de la VI Setmana de la Ci\u00e8ncia a l&#8217;escola els hem posat en com\u00fa tot explicant a la resta de companys i companyes.<\/p>\n<p style=\"text-align: justify;\">Ens ha agradat molt con\u00e8ixer a Joan Or\u00f3.<\/p>\n<ul>\n<li><a href=\"https:\/\/photos.app.goo.gl\/FHhHiJBZoRXAPKqv9\">ENLLA\u00c7 A LES FOTOGRAFIES\u00a0\u00a0<\/a><\/li>\n<\/ul>\n<p><a href=\"https:\/\/photos.app.goo.gl\/FHhHiJBZoRXAPKqv9\"><img loading=\"lazy\" decoding=\"async\" class=\"alignnone wp-image-8949\" src=\"https:\/\/agora.xtec.cat\/escolamestralvilanova\/wp-content\/uploads\/usu729\/2024\/02\/baixa-300x169.jpg\" alt=\"\" width=\"339\" height=\"191\" srcset=\"https:\/\/agora.xtec.cat\/escolamestralvilanova\/wp-content\/uploads\/usu729\/2024\/02\/baixa-300x169.jpg 300w, https:\/\/agora.xtec.cat\/escolamestralvilanova\/wp-content\/uploads\/usu729\/2024\/02\/baixa-1024x576.jpg 1024w, https:\/\/agora.xtec.cat\/escolamestralvilanova\/wp-content\/uploads\/usu729\/2024\/02\/baixa-768x432.jpg 768w, https:\/\/agora.xtec.cat\/escolamestralvilanova\/wp-content\/uploads\/usu729\/2024\/02\/baixa.jpg 1200w\" sizes=\"auto, (max-width: 339px) 100vw, 339px\" \/><\/a><\/p>\n","protected":false},"excerpt":{"rendered":"<p>Aprofitant que l&#8217;any 2023 ha estat l&#8217;any Or\u00f3 i en relaci\u00f3 amb la VI Setmana Setmana de la Ci\u00e8ncia a l&#8217;escola, durant les darreres setmanes les diferents aules hem treballat la figura de Joan Or\u00f3, cient\u00edfic lleidat\u00e0 de gran rellev\u00e0ncia.<br \/>\nCada aula ens hem repartit aspectes&hellip;  <a href=\"https:\/\/agora.xtec.cat\/escolamestralvilanova\/infantil\/vi-setmana-de-la-ciencia_joan-oro\/\" title=\"Read VI SETMANA DE LA CI\u00c8NCIA_Joan Or\u00f3\">Llegeix m\u00e9s\u00bb<\/a><\/p>\n","protected":false},"author":1,"featured_media":0,"comment_status":"open","ping_status":"closed","sticky":false,"template":"","format":"standard","meta":{"_bbp_topic_count":0,"_bbp_reply_count":0,"_bbp_total_topic_count":0,"_bbp_total_reply_count":0,"_bbp_voice_count":0,"_bbp_anonymous_reply_count":0,"_bbp_topic_count_hidden":0,"_bbp_reply_count_hidden":0,"_bbp_forum_subforum_count":0,"footnotes":""},"categories":[2,4,5],"tags":[],"class_list":["post-8948","post","type-post","status-publish","format-standard","hentry","category-infantil","category-portada","category-primaria"],"post_mailing_queue_ids":[],"_links":{"self":[{"href":"https:\/\/agora.xtec.cat\/escolamestralvilanova\/wp-json\/wp\/v2\/posts\/8948","targetHints":{"allow":["GET"]}}],"collection":[{"href":"https:\/\/agora.xtec.cat\/escolamestralvilanova\/wp-json\/wp\/v2\/posts"}],"about":[{"href":"https:\/\/agora.xtec.cat\/escolamestralvilanova\/wp-json\/wp\/v2\/types\/post"}],"author":[{"embeddable":true,"href":"https:\/\/agora.xtec.cat\/escolamestralvilanova\/wp-json\/wp\/v2\/users\/1"}],"replies":[{"embeddable":true,"href":"https:\/\/agora.xtec.cat\/escolamestralvilanova\/wp-json\/wp\/v2\/comments?post=8948"}],"version-history":[{"count":2,"href":"https:\/\/agora.xtec.cat\/escolamestralvilanova\/wp-json\/wp\/v2\/posts\/8948\/revisions"}],"predecessor-version":[{"id":8951,"href":"https:\/\/agora.xtec.cat\/escolamestralvilanova\/wp-json\/wp\/v2\/posts\/8948\/revisions\/8951"}],"wp:attachment":[{"href":"https:\/\/agora.xtec.cat\/escolamestralvilanova\/wp-json\/wp\/v2\/media?parent=8948"}],"wp:term":[{"taxonomy":"category","embeddable":true,"href":"https:\/\/agora.xtec.cat\/escolamestralvilanova\/wp-json\/wp\/v2\/categories?post=8948"},{"taxonomy":"post_tag","embeddable":true,"href":"https:\/\/agora.xtec.cat\/escolamestralvilanova\/wp-json\/wp\/v2\/tags?post=8948"}],"curies":[{"name":"wp","href":"https:\/\/api.w.org\/{rel}","templated":true}]}}