{"id":8945,"date":"2024-02-06T12:20:53","date_gmt":"2024-02-06T11:20:53","guid":{"rendered":"https:\/\/agora.xtec.cat\/escolamestralvilanova\/?p=8945"},"modified":"2024-02-07T17:49:35","modified_gmt":"2024-02-07T16:49:35","slug":"vi-setmana-de-la-ciencia_dia-1","status":"publish","type":"post","link":"https:\/\/agora.xtec.cat\/escolamestralvilanova\/infantil\/vi-setmana-de-la-ciencia_dia-1\/","title":{"rendered":"VI SETMANA DE LA CI\u00c8NCIA_Dia 1"},"content":{"rendered":"<p style=\"text-align: justify;\"><span style=\"font-weight: 400;\">Avui els nens i nenes de Cicle Mitj\u00e0 de l&#8217;escola Mestral han realitzat experiments. A cada aula s\u2019han elaborat diferents experiments, en els quals els nens i nenes de l\u2019escola ha pogut gaudir d&#8217;una estona cient\u00edfica.<\/span><\/p>\n<ul style=\"list-style-type: circle;\">\n<li style=\"text-align: justify;\"><em><span style=\"font-weight: 400;\">A l&#8217;aula de Cicle Superior han estat la Joana, la Itzel, l&#8217;Ana\u00ebl, el Joel, el Nil i el D\u00eddac que han presentat: \u201cEl l\u00edquid no Newtoni\u00e0\u201d i el \u201cRemol\u00ed d&#8217;aigua\u201d. <\/span><\/em><\/li>\n<li style=\"text-align: justify;\"><em><span style=\"font-weight: 400;\">A l\u2019aula de Cicle Mitj\u00e0 han estat el Matteo, el Ja\u00efr, la Greta, el No\u00e8 i la Luc\u00eda que han presentat: \u201cLes densitats m\u00e0giques\u201d i \u201cL&#8217;aigua que puja sola\u201d. <\/span><\/em><\/li>\n<li style=\"text-align: justify;\"><em><span style=\"font-weight: 400;\">I per \u00faltim, a l\u2019aula d&#8217;I3 i I4 han estat l&#8217;Arnau i el Guillem que han realitzat:\u201dEl volc\u00e0\u201d i \u201cL&#8217;ou i l&#8217;ampolla<\/span><\/em><em><span style=\"font-weight: 400;\">\u201d.<\/span><\/em><\/li>\n<\/ul>\n<p style=\"text-align: justify;\"><span style=\"font-weight: 400;\">Tots els nens i nenes de l&#8217;escola han gaudit molt!<\/span><\/p>\n<pre>Text escrit pel Roc i l'\u00c8ric\r\n\r\n<\/pre>\n<ul>\n<li><a href=\"https:\/\/photos.app.goo.gl\/XRfYM2UxZ9GoyAce7\">ENLLA\u00c7 A LES FOTOGRAFIES<\/a><\/li>\n<\/ul>\n<p><a href=\"https:\/\/photos.app.goo.gl\/XRfYM2UxZ9GoyAce7\"><img loading=\"lazy\" decoding=\"async\" class=\"alignnone size-medium wp-image-8946\" src=\"https:\/\/agora.xtec.cat\/escolamestralvilanova\/wp-content\/uploads\/usu729\/2024\/02\/IMG_20240206_114309-300x135.jpg\" alt=\"\" width=\"300\" height=\"135\" srcset=\"https:\/\/agora.xtec.cat\/escolamestralvilanova\/wp-content\/uploads\/usu729\/2024\/02\/IMG_20240206_114309-300x135.jpg 300w, https:\/\/agora.xtec.cat\/escolamestralvilanova\/wp-content\/uploads\/usu729\/2024\/02\/IMG_20240206_114309-1024x462.jpg 1024w, https:\/\/agora.xtec.cat\/escolamestralvilanova\/wp-content\/uploads\/usu729\/2024\/02\/IMG_20240206_114309-768x346.jpg 768w, https:\/\/agora.xtec.cat\/escolamestralvilanova\/wp-content\/uploads\/usu729\/2024\/02\/IMG_20240206_114309-1536x693.jpg 1536w, https:\/\/agora.xtec.cat\/escolamestralvilanova\/wp-content\/uploads\/usu729\/2024\/02\/IMG_20240206_114309-2048x924.jpg 2048w\" sizes=\"auto, (max-width: 300px) 100vw, 300px\" \/><\/a><\/p>\n","protected":false},"excerpt":{"rendered":"<p>Avui els nens i nenes de Cicle Mitj\u00e0 de l&#8217;escola Mestral han realitzat experiments. A cada aula s\u2019han elaborat diferents experiments, en els quals els nens i nenes de l\u2019escola ha pogut gaudir d&#8217;una estona cient\u00edfica.<\/p>\n<ul style=\"list-style-type: circle;\">\n<li style=\"text-align: justify;\">A l&#8217;aula de Cicle Superior han&hellip;  <a href=\"https:\/\/agora.xtec.cat\/escolamestralvilanova\/infantil\/vi-setmana-de-la-ciencia_dia-1\/\" title=\"Read VI SETMANA DE LA CI\u00c8NCIA_Dia 1\">Llegeix m\u00e9s\u00bb<\/a><br \/>\n","protected":false},"author":1,"featured_media":0,"comment_status":"open","ping_status":"closed","sticky":false,"template":"","format":"standard","meta":{"_bbp_topic_count":0,"_bbp_reply_count":0,"_bbp_total_topic_count":0,"_bbp_total_reply_count":0,"_bbp_voice_count":0,"_bbp_anonymous_reply_count":0,"_bbp_topic_count_hidden":0,"_bbp_reply_count_hidden":0,"_bbp_forum_subforum_count":0,"footnotes":""},"categories":[2,4,5],"tags":[],"class_list":["post-8945","post","type-post","status-publish","format-standard","hentry","category-infantil","category-portada","category-primaria"],"post_mailing_queue_ids":[],"_links":{"self":[{"href":"https:\/\/agora.xtec.cat\/escolamestralvilanova\/wp-json\/wp\/v2\/posts\/8945","targetHints":{"allow":["GET"]}}],"collection":[{"href":"https:\/\/agora.xtec.cat\/escolamestralvilanova\/wp-json\/wp\/v2\/posts"}],"about":[{"href":"https:\/\/agora.xtec.cat\/escolamestralvilanova\/wp-json\/wp\/v2\/types\/post"}],"author":[{"embeddable":true,"href":"https:\/\/agora.xtec.cat\/escolamestralvilanova\/wp-json\/wp\/v2\/users\/1"}],"replies":[{"embeddable":true,"href":"https:\/\/agora.xtec.cat\/escolamestralvilanova\/wp-json\/wp\/v2\/comments?post=8945"}],"version-history":[{"count":2,"href":"https:\/\/agora.xtec.cat\/escolamestralvilanova\/wp-json\/wp\/v2\/posts\/8945\/revisions"}],"predecessor-version":[{"id":8961,"href":"https:\/\/agora.xtec.cat\/escolamestralvilanova\/wp-json\/wp\/v2\/posts\/8945\/revisions\/8961"}],"wp:attachment":[{"href":"https:\/\/agora.xtec.cat\/escolamestralvilanova\/wp-json\/wp\/v2\/media?parent=8945"}],"wp:term":[{"taxonomy":"category","embeddable":true,"href":"https:\/\/agora.xtec.cat\/escolamestralvilanova\/wp-json\/wp\/v2\/categories?post=8945"},{"taxonomy":"post_tag","embeddable":true,"href":"https:\/\/agora.xtec.cat\/escolamestralvilanova\/wp-json\/wp\/v2\/tags?post=8945"}],"curies":[{"name":"wp","href":"https:\/\/api.w.org\/{rel}","templated":true}]}}