{"id":8909,"date":"2024-01-30T13:21:59","date_gmt":"2024-01-30T12:21:59","guid":{"rendered":"https:\/\/agora.xtec.cat\/escolamestralvilanova\/?p=8909"},"modified":"2024-01-30T13:21:59","modified_gmt":"2024-01-30T12:21:59","slug":"patis-actius-v","status":"publish","type":"post","link":"https:\/\/agora.xtec.cat\/escolamestralvilanova\/infantil\/patis-actius-v\/","title":{"rendered":"PATIS ACTIUS V"},"content":{"rendered":"<p>El passat 24 de gener van tornar a venir els nois i noies d&#8217;ASPROS a fer la cinquena sessi\u00f3 dels patis actius.<\/p>\n<p>En aquesta ocasi\u00f3 vam poder jugar als seg\u00fcents jocs: <em>sota el pont, mocador, bales, llan\u00e7ament d&#8217;espardenyes i bitlles.<\/em><\/p>\n<p>Ens ho vam passar molt b\u00e9!<\/p>\n<ul>\n<li><a href=\"https:\/\/photos.app.goo.gl\/xpVrucVYemcEP7eJ9\">ENLLA\u00c7 A LES FOTOGRAFIES<\/a><\/li>\n<\/ul>\n<p><a href=\"https:\/\/photos.app.goo.gl\/xpVrucVYemcEP7eJ9\"><img loading=\"lazy\" decoding=\"async\" class=\"alignnone  wp-image-8910\" src=\"https:\/\/agora.xtec.cat\/escolamestralvilanova\/wp-content\/uploads\/usu729\/2024\/01\/Imatge1-300x175.png\" alt=\"\" width=\"290\" height=\"169\" srcset=\"https:\/\/agora.xtec.cat\/escolamestralvilanova\/wp-content\/uploads\/usu729\/2024\/01\/Imatge1-300x175.png 300w, https:\/\/agora.xtec.cat\/escolamestralvilanova\/wp-content\/uploads\/usu729\/2024\/01\/Imatge1.png 640w\" sizes=\"auto, (max-width: 290px) 100vw, 290px\" \/><\/a><\/p>\n","protected":false},"excerpt":{"rendered":"<p>El passat 24 de gener van tornar a venir els nois i noies d&#8217;ASPROS a fer la cinquena sessi\u00f3 dels patis actius.<br \/>\nEn aquesta ocasi\u00f3 vam poder jugar als seg\u00fcents jocs: sota el pont, mocador, bales, llan\u00e7ament d&#8217;espardenyes i bitlles.<br \/>\nEns ho vam passar molt b\u00e9!<\/p>\n<ul>\n<li><a href=\"https:\/\/photos.app.goo.gl\/xpVrucVYemcEP7eJ9\">ENLLA\u00c7&hellip;  <a href=\"https:\/\/agora.xtec.cat\/escolamestralvilanova\/infantil\/patis-actius-v\/\" title=\"Read PATIS ACTIUS V\">Llegeix m\u00e9s\u00bb<\/a><br \/>\n","protected":false},"author":1,"featured_media":0,"comment_status":"open","ping_status":"closed","sticky":false,"template":"","format":"standard","meta":{"_bbp_topic_count":0,"_bbp_reply_count":0,"_bbp_total_topic_count":0,"_bbp_total_reply_count":0,"_bbp_voice_count":0,"_bbp_anonymous_reply_count":0,"_bbp_topic_count_hidden":0,"_bbp_reply_count_hidden":0,"_bbp_forum_subforum_count":0,"footnotes":""},"categories":[2,4,5],"tags":[],"class_list":["post-8909","post","type-post","status-publish","format-standard","hentry","category-infantil","category-portada","category-primaria"],"post_mailing_queue_ids":[],"_links":{"self":[{"href":"https:\/\/agora.xtec.cat\/escolamestralvilanova\/wp-json\/wp\/v2\/posts\/8909","targetHints":{"allow":["GET"]}}],"collection":[{"href":"https:\/\/agora.xtec.cat\/escolamestralvilanova\/wp-json\/wp\/v2\/posts"}],"about":[{"href":"https:\/\/agora.xtec.cat\/escolamestralvilanova\/wp-json\/wp\/v2\/types\/post"}],"author":[{"embeddable":true,"href":"https:\/\/agora.xtec.cat\/escolamestralvilanova\/wp-json\/wp\/v2\/users\/1"}],"replies":[{"embeddable":true,"href":"https:\/\/agora.xtec.cat\/escolamestralvilanova\/wp-json\/wp\/v2\/comments?post=8909"}],"version-history":[{"count":1,"href":"https:\/\/agora.xtec.cat\/escolamestralvilanova\/wp-json\/wp\/v2\/posts\/8909\/revisions"}],"predecessor-version":[{"id":8911,"href":"https:\/\/agora.xtec.cat\/escolamestralvilanova\/wp-json\/wp\/v2\/posts\/8909\/revisions\/8911"}],"wp:attachment":[{"href":"https:\/\/agora.xtec.cat\/escolamestralvilanova\/wp-json\/wp\/v2\/media?parent=8909"}],"wp:term":[{"taxonomy":"category","embeddable":true,"href":"https:\/\/agora.xtec.cat\/escolamestralvilanova\/wp-json\/wp\/v2\/categories?post=8909"},{"taxonomy":"post_tag","embeddable":true,"href":"https:\/\/agora.xtec.cat\/escolamestralvilanova\/wp-json\/wp\/v2\/tags?post=8909"}],"curies":[{"name":"wp","href":"https:\/\/api.w.org\/{rel}","templated":true}]}}