{"id":8889,"date":"2024-01-10T09:00:52","date_gmt":"2024-01-10T08:00:52","guid":{"rendered":"https:\/\/agora.xtec.cat\/escolamestralvilanova\/?p=8889"},"modified":"2024-01-09T22:08:38","modified_gmt":"2024-01-09T21:08:38","slug":"tornada-a-lescola","status":"publish","type":"post","link":"https:\/\/agora.xtec.cat\/escolamestralvilanova\/infantil\/tornada-a-lescola\/","title":{"rendered":"TORNADA A L&#8217;ESCOLA!"},"content":{"rendered":"<p style=\"text-align: justify;\">El dilluns 8 de gener va ser el dia del retorn a l\u2019escola. Tot l\u2019alumnat va tenir una gran sorpresa, hi havia regals a l&#8217;entrada!<\/p>\n<p style=\"text-align: justify;\">Tamb\u00e9, com ja \u00e9s tradici\u00f3, durant la tarda vam dur a terme &#8220;La tarda de la joguina&#8221; de manera que tothom que va voler va poder portar una joguina i compartir-la amb els companys i companyes de l\u2019escola!<\/p>\n<p style=\"text-align: justify;\">Tots ten\u00edem moltes ganes de veure\u2019ns i ens ho vam passar d\u2019all\u00f2 m\u00e9s b\u00e9!<\/p>\n<ul>\n<li><a href=\"https:\/\/photos.app.goo.gl\/mbRVFB8jR2NfK1DK8\">ENLLA\u00c7 A LES FOTOGRAFIES<\/a><\/li>\n<\/ul>\n<p><a href=\"https:\/\/photos.app.goo.gl\/mbRVFB8jR2NfK1DK8\"><img loading=\"lazy\" decoding=\"async\" class=\"alignnone size-medium wp-image-8890\" src=\"https:\/\/agora.xtec.cat\/escolamestralvilanova\/wp-content\/uploads\/usu729\/2024\/01\/20240108_101828_HDR-300x225.jpg\" alt=\"\" width=\"300\" height=\"225\" srcset=\"https:\/\/agora.xtec.cat\/escolamestralvilanova\/wp-content\/uploads\/usu729\/2024\/01\/20240108_101828_HDR-300x225.jpg 300w, https:\/\/agora.xtec.cat\/escolamestralvilanova\/wp-content\/uploads\/usu729\/2024\/01\/20240108_101828_HDR-1024x768.jpg 1024w, https:\/\/agora.xtec.cat\/escolamestralvilanova\/wp-content\/uploads\/usu729\/2024\/01\/20240108_101828_HDR-768x576.jpg 768w, https:\/\/agora.xtec.cat\/escolamestralvilanova\/wp-content\/uploads\/usu729\/2024\/01\/20240108_101828_HDR-1536x1152.jpg 1536w, https:\/\/agora.xtec.cat\/escolamestralvilanova\/wp-content\/uploads\/usu729\/2024\/01\/20240108_101828_HDR-2048x1536.jpg 2048w, https:\/\/agora.xtec.cat\/escolamestralvilanova\/wp-content\/uploads\/usu729\/2024\/01\/20240108_101828_HDR-200x150.jpg 200w\" sizes=\"auto, (max-width: 300px) 100vw, 300px\" \/><\/a><\/p>\n","protected":false},"excerpt":{"rendered":"<p>El dilluns 8 de gener va ser el dia del retorn a l\u2019escola. Tot l\u2019alumnat va tenir una gran sorpresa, hi havia regals a l&#8217;entrada!<br \/>\nTamb\u00e9, com ja \u00e9s tradici\u00f3, durant la tarda vam dur a terme &#8220;La tarda de la joguina&#8221; de manera que tothom&hellip;  <a href=\"https:\/\/agora.xtec.cat\/escolamestralvilanova\/infantil\/tornada-a-lescola\/\" title=\"Read TORNADA A L&#8217;ESCOLA!\">Llegeix m\u00e9s\u00bb<\/a><\/p>\n","protected":false},"author":1,"featured_media":0,"comment_status":"open","ping_status":"closed","sticky":false,"template":"","format":"standard","meta":{"_bbp_topic_count":0,"_bbp_reply_count":0,"_bbp_total_topic_count":0,"_bbp_total_reply_count":0,"_bbp_voice_count":0,"_bbp_anonymous_reply_count":0,"_bbp_topic_count_hidden":0,"_bbp_reply_count_hidden":0,"_bbp_forum_subforum_count":0,"footnotes":""},"categories":[2,4,5],"tags":[],"class_list":["post-8889","post","type-post","status-publish","format-standard","hentry","category-infantil","category-portada","category-primaria"],"post_mailing_queue_ids":[],"_links":{"self":[{"href":"https:\/\/agora.xtec.cat\/escolamestralvilanova\/wp-json\/wp\/v2\/posts\/8889","targetHints":{"allow":["GET"]}}],"collection":[{"href":"https:\/\/agora.xtec.cat\/escolamestralvilanova\/wp-json\/wp\/v2\/posts"}],"about":[{"href":"https:\/\/agora.xtec.cat\/escolamestralvilanova\/wp-json\/wp\/v2\/types\/post"}],"author":[{"embeddable":true,"href":"https:\/\/agora.xtec.cat\/escolamestralvilanova\/wp-json\/wp\/v2\/users\/1"}],"replies":[{"embeddable":true,"href":"https:\/\/agora.xtec.cat\/escolamestralvilanova\/wp-json\/wp\/v2\/comments?post=8889"}],"version-history":[{"count":1,"href":"https:\/\/agora.xtec.cat\/escolamestralvilanova\/wp-json\/wp\/v2\/posts\/8889\/revisions"}],"predecessor-version":[{"id":8891,"href":"https:\/\/agora.xtec.cat\/escolamestralvilanova\/wp-json\/wp\/v2\/posts\/8889\/revisions\/8891"}],"wp:attachment":[{"href":"https:\/\/agora.xtec.cat\/escolamestralvilanova\/wp-json\/wp\/v2\/media?parent=8889"}],"wp:term":[{"taxonomy":"category","embeddable":true,"href":"https:\/\/agora.xtec.cat\/escolamestralvilanova\/wp-json\/wp\/v2\/categories?post=8889"},{"taxonomy":"post_tag","embeddable":true,"href":"https:\/\/agora.xtec.cat\/escolamestralvilanova\/wp-json\/wp\/v2\/tags?post=8889"}],"curies":[{"name":"wp","href":"https:\/\/api.w.org\/{rel}","templated":true}]}}