{"id":8873,"date":"2023-12-20T13:24:07","date_gmt":"2023-12-20T12:24:07","guid":{"rendered":"https:\/\/agora.xtec.cat\/escolamestralvilanova\/?p=8873"},"modified":"2023-12-20T13:24:07","modified_gmt":"2023-12-20T12:24:07","slug":"fem-cagar-el-tio","status":"publish","type":"post","link":"https:\/\/agora.xtec.cat\/escolamestralvilanova\/infantil\/fem-cagar-el-tio\/","title":{"rendered":"FEM CAGAR EL TI\u00d3"},"content":{"rendered":"<p>Avui \u00faltim dia abans de comen\u00e7ar les vacances, tot l\u2019alumnat hem fet cagar el ti\u00f3 a l\u2019escola!<\/p>\n<p>Despr\u00e9s tots junts hem esmorzat coca amb xocolata a c\u00e0rrec de l\u2019AFA.<\/p>\n<p>Moltes gr\u00e0cies i bones festes!<\/p>\n<ul>\n<li><a href=\"https:\/\/photos.app.goo.gl\/fTyUXDpdPrn4omRj7\">ENLLA\u00c7 A LES FOTOGRAFIES<\/a><\/li>\n<\/ul>\n<p><a href=\"https:\/\/photos.app.goo.gl\/fTyUXDpdPrn4omRj7\"><img loading=\"lazy\" decoding=\"async\" class=\"alignnone size-medium wp-image-8874\" src=\"https:\/\/agora.xtec.cat\/escolamestralvilanova\/wp-content\/uploads\/usu729\/2023\/12\/IMG_5537-300x225.jpg\" alt=\"\" width=\"300\" height=\"225\" srcset=\"https:\/\/agora.xtec.cat\/escolamestralvilanova\/wp-content\/uploads\/usu729\/2023\/12\/IMG_5537-300x225.jpg 300w, https:\/\/agora.xtec.cat\/escolamestralvilanova\/wp-content\/uploads\/usu729\/2023\/12\/IMG_5537-200x150.jpg 200w, https:\/\/agora.xtec.cat\/escolamestralvilanova\/wp-content\/uploads\/usu729\/2023\/12\/IMG_5537.jpg 640w\" sizes=\"auto, (max-width: 300px) 100vw, 300px\" \/><\/a><\/p>\n","protected":false},"excerpt":{"rendered":"<p>Avui \u00faltim dia abans de comen\u00e7ar les vacances, tot l\u2019alumnat hem fet cagar el ti\u00f3 a l\u2019escola!<br \/>\nDespr\u00e9s tots junts hem esmorzat coca amb xocolata a c\u00e0rrec de l\u2019AFA.<br \/>\nMoltes gr\u00e0cies i bones festes!<\/p>\n<ul>\n<li><a href=\"https:\/\/photos.app.goo.gl\/fTyUXDpdPrn4omRj7\">ENLLA\u00c7 A LES FOTOGRAFIES<\/a><\/li>\n<\/ul>\n<p><a href=\"https:\/\/photos.app.goo.gl\/fTyUXDpdPrn4omRj7\"><\/a><\/p>\n","protected":false},"author":1,"featured_media":0,"comment_status":"open","ping_status":"closed","sticky":false,"template":"","format":"standard","meta":{"_bbp_topic_count":0,"_bbp_reply_count":0,"_bbp_total_topic_count":0,"_bbp_total_reply_count":0,"_bbp_voice_count":0,"_bbp_anonymous_reply_count":0,"_bbp_topic_count_hidden":0,"_bbp_reply_count_hidden":0,"_bbp_forum_subforum_count":0,"footnotes":""},"categories":[2,4,5],"tags":[],"class_list":["post-8873","post","type-post","status-publish","format-standard","hentry","category-infantil","category-portada","category-primaria"],"post_mailing_queue_ids":[],"_links":{"self":[{"href":"https:\/\/agora.xtec.cat\/escolamestralvilanova\/wp-json\/wp\/v2\/posts\/8873","targetHints":{"allow":["GET"]}}],"collection":[{"href":"https:\/\/agora.xtec.cat\/escolamestralvilanova\/wp-json\/wp\/v2\/posts"}],"about":[{"href":"https:\/\/agora.xtec.cat\/escolamestralvilanova\/wp-json\/wp\/v2\/types\/post"}],"author":[{"embeddable":true,"href":"https:\/\/agora.xtec.cat\/escolamestralvilanova\/wp-json\/wp\/v2\/users\/1"}],"replies":[{"embeddable":true,"href":"https:\/\/agora.xtec.cat\/escolamestralvilanova\/wp-json\/wp\/v2\/comments?post=8873"}],"version-history":[{"count":1,"href":"https:\/\/agora.xtec.cat\/escolamestralvilanova\/wp-json\/wp\/v2\/posts\/8873\/revisions"}],"predecessor-version":[{"id":8875,"href":"https:\/\/agora.xtec.cat\/escolamestralvilanova\/wp-json\/wp\/v2\/posts\/8873\/revisions\/8875"}],"wp:attachment":[{"href":"https:\/\/agora.xtec.cat\/escolamestralvilanova\/wp-json\/wp\/v2\/media?parent=8873"}],"wp:term":[{"taxonomy":"category","embeddable":true,"href":"https:\/\/agora.xtec.cat\/escolamestralvilanova\/wp-json\/wp\/v2\/categories?post=8873"},{"taxonomy":"post_tag","embeddable":true,"href":"https:\/\/agora.xtec.cat\/escolamestralvilanova\/wp-json\/wp\/v2\/tags?post=8873"}],"curies":[{"name":"wp","href":"https:\/\/api.w.org\/{rel}","templated":true}]}}