{"id":8863,"date":"2023-12-19T12:54:44","date_gmt":"2023-12-19T11:54:44","guid":{"rendered":"https:\/\/agora.xtec.cat\/escolamestralvilanova\/?p=8863"},"modified":"2023-12-19T12:54:44","modified_gmt":"2023-12-19T11:54:44","slug":"cantem-a-la-residencia-3","status":"publish","type":"post","link":"https:\/\/agora.xtec.cat\/escolamestralvilanova\/infantil\/cantem-a-la-residencia-3\/","title":{"rendered":"CANTEM A LA RESID\u00c8NCIA"},"content":{"rendered":"<p>Avui els nens i nens de Cicle Mitj\u00e0 i Cicle Superior de l&#8217;escola hem anat a cantar nadales a la resid\u00e8ncia Sant Roc.<\/p>\n<p>Ha estat un moment molt bonic que hem gaudit molt!<\/p>\n<ul>\n<li><a href=\"https:\/\/photos.app.goo.gl\/LoeipuLVkGBXjYnf7\">ENLLA\u00c7 A LES FOTOGRAFIES<\/a><\/li>\n<\/ul>\n<p><a href=\"https:\/\/photos.app.goo.gl\/LoeipuLVkGBXjYnf7\"><img loading=\"lazy\" decoding=\"async\" class=\"alignnone size-medium wp-image-8864\" src=\"https:\/\/agora.xtec.cat\/escolamestralvilanova\/wp-content\/uploads\/usu729\/2023\/12\/IMG_5459-300x225.jpg\" alt=\"\" width=\"300\" height=\"225\" srcset=\"https:\/\/agora.xtec.cat\/escolamestralvilanova\/wp-content\/uploads\/usu729\/2023\/12\/IMG_5459-300x225.jpg 300w, https:\/\/agora.xtec.cat\/escolamestralvilanova\/wp-content\/uploads\/usu729\/2023\/12\/IMG_5459-200x150.jpg 200w, https:\/\/agora.xtec.cat\/escolamestralvilanova\/wp-content\/uploads\/usu729\/2023\/12\/IMG_5459.jpg 640w\" sizes=\"auto, (max-width: 300px) 100vw, 300px\" \/><\/a><\/p>\n","protected":false},"excerpt":{"rendered":"<p>Avui els nens i nens de Cicle Mitj\u00e0 i Cicle Superior de l&#8217;escola hem anat a cantar nadales a la resid\u00e8ncia Sant Roc.<br \/>\nHa estat un moment molt bonic que hem gaudit molt!<\/p>\n<ul>\n<li><a href=\"https:\/\/photos.app.goo.gl\/LoeipuLVkGBXjYnf7\">ENLLA\u00c7 A LES FOTOGRAFIES<\/a><\/li>\n<\/ul>\n<p><a href=\"https:\/\/photos.app.goo.gl\/LoeipuLVkGBXjYnf7\"><\/a><\/p>\n","protected":false},"author":1,"featured_media":0,"comment_status":"open","ping_status":"closed","sticky":false,"template":"","format":"standard","meta":{"_bbp_topic_count":0,"_bbp_reply_count":0,"_bbp_total_topic_count":0,"_bbp_total_reply_count":0,"_bbp_voice_count":0,"_bbp_anonymous_reply_count":0,"_bbp_topic_count_hidden":0,"_bbp_reply_count_hidden":0,"_bbp_forum_subforum_count":0,"footnotes":""},"categories":[2,4,5],"tags":[],"class_list":["post-8863","post","type-post","status-publish","format-standard","hentry","category-infantil","category-portada","category-primaria"],"post_mailing_queue_ids":[],"_links":{"self":[{"href":"https:\/\/agora.xtec.cat\/escolamestralvilanova\/wp-json\/wp\/v2\/posts\/8863","targetHints":{"allow":["GET"]}}],"collection":[{"href":"https:\/\/agora.xtec.cat\/escolamestralvilanova\/wp-json\/wp\/v2\/posts"}],"about":[{"href":"https:\/\/agora.xtec.cat\/escolamestralvilanova\/wp-json\/wp\/v2\/types\/post"}],"author":[{"embeddable":true,"href":"https:\/\/agora.xtec.cat\/escolamestralvilanova\/wp-json\/wp\/v2\/users\/1"}],"replies":[{"embeddable":true,"href":"https:\/\/agora.xtec.cat\/escolamestralvilanova\/wp-json\/wp\/v2\/comments?post=8863"}],"version-history":[{"count":1,"href":"https:\/\/agora.xtec.cat\/escolamestralvilanova\/wp-json\/wp\/v2\/posts\/8863\/revisions"}],"predecessor-version":[{"id":8865,"href":"https:\/\/agora.xtec.cat\/escolamestralvilanova\/wp-json\/wp\/v2\/posts\/8863\/revisions\/8865"}],"wp:attachment":[{"href":"https:\/\/agora.xtec.cat\/escolamestralvilanova\/wp-json\/wp\/v2\/media?parent=8863"}],"wp:term":[{"taxonomy":"category","embeddable":true,"href":"https:\/\/agora.xtec.cat\/escolamestralvilanova\/wp-json\/wp\/v2\/categories?post=8863"},{"taxonomy":"post_tag","embeddable":true,"href":"https:\/\/agora.xtec.cat\/escolamestralvilanova\/wp-json\/wp\/v2\/tags?post=8863"}],"curies":[{"name":"wp","href":"https:\/\/api.w.org\/{rel}","templated":true}]}}