{"id":8849,"date":"2023-12-13T13:19:17","date_gmt":"2023-12-13T12:19:17","guid":{"rendered":"https:\/\/agora.xtec.cat\/escolamestralvilanova\/?p=8849"},"modified":"2023-12-13T13:19:17","modified_gmt":"2023-12-13T12:19:17","slug":"festa-de-lhivern-3","status":"publish","type":"post","link":"https:\/\/agora.xtec.cat\/escolamestralvilanova\/infantil\/festa-de-lhivern-3\/","title":{"rendered":"FESTA DE L&#8217;HIVERN"},"content":{"rendered":"<p>Us recordem que la\u00a0<strong>Festa de l\u2019hivern<\/strong> es dur\u00e0 a terme el <strong>divendres 15 de desembre, <\/strong>a les\u00a0<strong>15:30 hores,<\/strong>\u00a0al poliesportiu del poble.<\/p>\n<p>Tots i totes hem estat assajant for\u00e7a durant els darrers dies per tal que la Festa sigui un \u00e8xit, aquesta, sota el t\u00edtol de \u201c<em>Peter Pan<\/em>\u201d girar\u00e0 entorn les hist\u00f2ries narrades al llibre.<\/p>\n<p>Esperem la vostra assist\u00e8ncia!<\/p>\n<p><a href=\"https:\/\/agora.xtec.cat\/escolamestralvilanova\/wp-content\/uploads\/usu729\/2023\/12\/CARTELL-PETER-PAN-23.png\"><img loading=\"lazy\" decoding=\"async\" class=\"alignnone wp-image-8850 size-medium\" src=\"https:\/\/agora.xtec.cat\/escolamestralvilanova\/wp-content\/uploads\/usu729\/2023\/12\/CARTELL-PETER-PAN-23-212x300.png\" alt=\"\" width=\"212\" height=\"300\" srcset=\"https:\/\/agora.xtec.cat\/escolamestralvilanova\/wp-content\/uploads\/usu729\/2023\/12\/CARTELL-PETER-PAN-23-212x300.png 212w, https:\/\/agora.xtec.cat\/escolamestralvilanova\/wp-content\/uploads\/usu729\/2023\/12\/CARTELL-PETER-PAN-23-724x1024.png 724w, https:\/\/agora.xtec.cat\/escolamestralvilanova\/wp-content\/uploads\/usu729\/2023\/12\/CARTELL-PETER-PAN-23-768x1086.png 768w, https:\/\/agora.xtec.cat\/escolamestralvilanova\/wp-content\/uploads\/usu729\/2023\/12\/CARTELL-PETER-PAN-23-1086x1536.png 1086w, https:\/\/agora.xtec.cat\/escolamestralvilanova\/wp-content\/uploads\/usu729\/2023\/12\/CARTELL-PETER-PAN-23-1448x2048.png 1448w, https:\/\/agora.xtec.cat\/escolamestralvilanova\/wp-content\/uploads\/usu729\/2023\/12\/CARTELL-PETER-PAN-23.png 1587w\" sizes=\"auto, (max-width: 212px) 100vw, 212px\" \/><\/a><\/p>\n","protected":false},"excerpt":{"rendered":"<p>Us recordem que la\u00a0Festa de l\u2019hivern es dur\u00e0 a terme el divendres 15 de desembre, a les\u00a015:30 hores,\u00a0al poliesportiu del poble.<br \/>\nTots i totes hem estat assajant for\u00e7a durant els darrers dies per tal que la Festa sigui un \u00e8xit, aquesta, sota el t\u00edtol de \u201cPeter&hellip;  <a href=\"https:\/\/agora.xtec.cat\/escolamestralvilanova\/infantil\/festa-de-lhivern-3\/\" title=\"Read FESTA DE L&#8217;HIVERN\">Llegeix m\u00e9s\u00bb<\/a><\/p>\n","protected":false},"author":1,"featured_media":0,"comment_status":"open","ping_status":"closed","sticky":false,"template":"","format":"standard","meta":{"_bbp_topic_count":0,"_bbp_reply_count":0,"_bbp_total_topic_count":0,"_bbp_total_reply_count":0,"_bbp_voice_count":0,"_bbp_anonymous_reply_count":0,"_bbp_topic_count_hidden":0,"_bbp_reply_count_hidden":0,"_bbp_forum_subforum_count":0,"footnotes":""},"categories":[2,4,5],"tags":[],"class_list":["post-8849","post","type-post","status-publish","format-standard","hentry","category-infantil","category-portada","category-primaria"],"post_mailing_queue_ids":[],"_links":{"self":[{"href":"https:\/\/agora.xtec.cat\/escolamestralvilanova\/wp-json\/wp\/v2\/posts\/8849","targetHints":{"allow":["GET"]}}],"collection":[{"href":"https:\/\/agora.xtec.cat\/escolamestralvilanova\/wp-json\/wp\/v2\/posts"}],"about":[{"href":"https:\/\/agora.xtec.cat\/escolamestralvilanova\/wp-json\/wp\/v2\/types\/post"}],"author":[{"embeddable":true,"href":"https:\/\/agora.xtec.cat\/escolamestralvilanova\/wp-json\/wp\/v2\/users\/1"}],"replies":[{"embeddable":true,"href":"https:\/\/agora.xtec.cat\/escolamestralvilanova\/wp-json\/wp\/v2\/comments?post=8849"}],"version-history":[{"count":1,"href":"https:\/\/agora.xtec.cat\/escolamestralvilanova\/wp-json\/wp\/v2\/posts\/8849\/revisions"}],"predecessor-version":[{"id":8851,"href":"https:\/\/agora.xtec.cat\/escolamestralvilanova\/wp-json\/wp\/v2\/posts\/8849\/revisions\/8851"}],"wp:attachment":[{"href":"https:\/\/agora.xtec.cat\/escolamestralvilanova\/wp-json\/wp\/v2\/media?parent=8849"}],"wp:term":[{"taxonomy":"category","embeddable":true,"href":"https:\/\/agora.xtec.cat\/escolamestralvilanova\/wp-json\/wp\/v2\/categories?post=8849"},{"taxonomy":"post_tag","embeddable":true,"href":"https:\/\/agora.xtec.cat\/escolamestralvilanova\/wp-json\/wp\/v2\/tags?post=8849"}],"curies":[{"name":"wp","href":"https:\/\/api.w.org\/{rel}","templated":true}]}}