{"id":8802,"date":"2023-11-16T09:24:20","date_gmt":"2023-11-16T08:24:20","guid":{"rendered":"https:\/\/agora.xtec.cat\/escolamestralvilanova\/?p=8802"},"modified":"2023-11-16T09:24:20","modified_gmt":"2023-11-16T08:24:20","slug":"sortida-a-lleida-4","status":"publish","type":"post","link":"https:\/\/agora.xtec.cat\/escolamestralvilanova\/infantil\/sortida-a-lleida-4\/","title":{"rendered":"SORTIDA A LLEIDA"},"content":{"rendered":"<p>El passat dimecres 15 de novembre tots els alumnes de l&#8217;escola vam fer una sortida a Lleida i vam visitar:<\/p>\n<ul>\n<li>A la Fundaci\u00f3 Sorigu\u00e9 l&#8217;exposici\u00f3 de Juan Zamora &#8220;La vida en emerg\u00e8ncia&#8221;<\/li>\n<li>L&#8217;Arbor\u00e8tum<\/li>\n<\/ul>\n<p>Ens va agrada molt!<\/p>\n<ul>\n<li><a href=\"https:\/\/photos.app.goo.gl\/nUr65mgkdAZMAZWK6\">ENLLA\u00c7 A LES FOTOGRAFIES<\/a><\/li>\n<\/ul>\n<p><a href=\"https:\/\/photos.app.goo.gl\/nUr65mgkdAZMAZWK6\"><img loading=\"lazy\" decoding=\"async\" class=\"alignnone size-medium wp-image-8803\" src=\"https:\/\/agora.xtec.cat\/escolamestralvilanova\/wp-content\/uploads\/usu729\/2023\/11\/20231115_130907-300x225.jpg\" alt=\"\" width=\"300\" height=\"225\" srcset=\"https:\/\/agora.xtec.cat\/escolamestralvilanova\/wp-content\/uploads\/usu729\/2023\/11\/20231115_130907-300x225.jpg 300w, https:\/\/agora.xtec.cat\/escolamestralvilanova\/wp-content\/uploads\/usu729\/2023\/11\/20231115_130907-200x150.jpg 200w, https:\/\/agora.xtec.cat\/escolamestralvilanova\/wp-content\/uploads\/usu729\/2023\/11\/20231115_130907.jpg 640w\" sizes=\"auto, (max-width: 300px) 100vw, 300px\" \/><\/a><\/p>\n","protected":false},"excerpt":{"rendered":"<p>El passat dimecres 15 de novembre tots els alumnes de l&#8217;escola vam fer una sortida a Lleida i vam visitar:<\/p>\n<ul>\n<li>A la Fundaci\u00f3 Sorigu\u00e9 l&#8217;exposici\u00f3 de Juan Zamora &#8220;La vida en emerg\u00e8ncia&#8221;<\/li>\n<li>L&#8217;Arbor\u00e8tum<\/li>\n<\/ul>\n<p>Ens va agrada molt!<\/p>\n<ul>\n<li><a href=\"https:\/\/photos.app.goo.gl\/nUr65mgkdAZMAZWK6\">ENLLA\u00c7 A LES FOTOGRAFIES<\/a><\/li>\n<\/ul>\n<p><a href=\"https:\/\/photos.app.goo.gl\/nUr65mgkdAZMAZWK6\"><\/a><\/p>\n","protected":false},"author":1,"featured_media":0,"comment_status":"open","ping_status":"closed","sticky":false,"template":"","format":"standard","meta":{"_bbp_topic_count":0,"_bbp_reply_count":0,"_bbp_total_topic_count":0,"_bbp_total_reply_count":0,"_bbp_voice_count":0,"_bbp_anonymous_reply_count":0,"_bbp_topic_count_hidden":0,"_bbp_reply_count_hidden":0,"_bbp_forum_subforum_count":0,"footnotes":""},"categories":[2,4,5],"tags":[],"class_list":["post-8802","post","type-post","status-publish","format-standard","hentry","category-infantil","category-portada","category-primaria"],"post_mailing_queue_ids":[],"_links":{"self":[{"href":"https:\/\/agora.xtec.cat\/escolamestralvilanova\/wp-json\/wp\/v2\/posts\/8802","targetHints":{"allow":["GET"]}}],"collection":[{"href":"https:\/\/agora.xtec.cat\/escolamestralvilanova\/wp-json\/wp\/v2\/posts"}],"about":[{"href":"https:\/\/agora.xtec.cat\/escolamestralvilanova\/wp-json\/wp\/v2\/types\/post"}],"author":[{"embeddable":true,"href":"https:\/\/agora.xtec.cat\/escolamestralvilanova\/wp-json\/wp\/v2\/users\/1"}],"replies":[{"embeddable":true,"href":"https:\/\/agora.xtec.cat\/escolamestralvilanova\/wp-json\/wp\/v2\/comments?post=8802"}],"version-history":[{"count":1,"href":"https:\/\/agora.xtec.cat\/escolamestralvilanova\/wp-json\/wp\/v2\/posts\/8802\/revisions"}],"predecessor-version":[{"id":8804,"href":"https:\/\/agora.xtec.cat\/escolamestralvilanova\/wp-json\/wp\/v2\/posts\/8802\/revisions\/8804"}],"wp:attachment":[{"href":"https:\/\/agora.xtec.cat\/escolamestralvilanova\/wp-json\/wp\/v2\/media?parent=8802"}],"wp:term":[{"taxonomy":"category","embeddable":true,"href":"https:\/\/agora.xtec.cat\/escolamestralvilanova\/wp-json\/wp\/v2\/categories?post=8802"},{"taxonomy":"post_tag","embeddable":true,"href":"https:\/\/agora.xtec.cat\/escolamestralvilanova\/wp-json\/wp\/v2\/tags?post=8802"}],"curies":[{"name":"wp","href":"https:\/\/api.w.org\/{rel}","templated":true}]}}