{"id":8796,"date":"2023-11-13T16:10:09","date_gmt":"2023-11-13T15:10:09","guid":{"rendered":"https:\/\/agora.xtec.cat\/escolamestralvilanova\/?p=8796"},"modified":"2023-11-13T23:22:02","modified_gmt":"2023-11-13T22:22:02","slug":"vi-setmana-de-lart","status":"publish","type":"post","link":"https:\/\/agora.xtec.cat\/escolamestralvilanova\/infantil\/vi-setmana-de-lart\/","title":{"rendered":"VI SETMANA DE L&#8217;ART"},"content":{"rendered":"<p style=\"font-weight: 400; text-align: justify;\">Al llarg\u00a0d&#8217;aquesta\u00a0setmana\u00a0i la vinent\u00a0celebrarem la VI edici\u00f3\u00a0de\u00a0la nostra &#8220;Setmana\u00a0de\u00a0l&#8217;art&#8221;.<\/p>\n<p style=\"font-weight: 400; text-align: justify;\">Durant aquesta\u00a0setmana,\u00a0<strong>del\u00a015 al 22\u00a0de\u00a0novembre<\/strong>, tots els nens i nenes\u00a0de\u00a0l\u2019escola participarem d&#8217;una\u00a0setmana\u00a0on la\u00a0m\u00fasica i l&#8217;expressi\u00f3\u00a0art\u00edstica\u00a0ser\u00e0 la gran protagonista.<\/p>\n<p style=\"font-weight: 400; text-align: justify;\">Aquest any ens centrarem en apropar-nos a diverses t\u00e8cniques\u00a0art\u00edstiques per poder produir\u00a0una obra pr\u00f2pia arrel de la visita a &#8220;La Fundaci\u00f3 Sorigu\u00e9&#8221; en la qual ens endinsarem en l&#8217;obra de\u00a0<a href=\"https:\/\/www.fundaciosorigue.com\/ca\/exposicion\/la-vida-en-emergencia-juan-zamora\/\" data-saferedirecturl=\"https:\/\/www.google.com\/url?q=https:\/\/www.fundaciosorigue.com\/ca\/exposicion\/la-vida-en-emergencia-juan-zamora\/&amp;source=gmail&amp;ust=1699971540724000&amp;usg=AOvVaw0itSz8f8AnIlnjYY33k6GT\">Juan Zamora.<\/a><\/p>\n<p style=\"font-weight: 400; text-align: justify;\">Aix\u00ed, aquesta\u00a0setmana\u00a0la\u00a0dedicarem a treballar l&#8217;obra de Juan Zamora i elaborar una producci\u00f3 art\u00edstica inspirada en aquest autor. Despr\u00e9s ho exposarem i es podr\u00e0 visitar\u00a0<strong>a partir del dimecres 22.<\/strong><\/p>\n<p style=\"font-weight: 400; text-align: justify;\">Pr\u00e8viament, els alumnes de Cicle Superior s&#8217;han encarregat de dissenyar els CARTELLS per a la setmana de l&#8217;Art.<\/p>\n<p><a href=\"https:\/\/agora.xtec.cat\/escolamestralvilanova\/wp-content\/uploads\/usu729\/2023\/11\/CARTELL-VI-ST.ART_.png\"><img loading=\"lazy\" decoding=\"async\" class=\"alignnone wp-image-8797 size-medium\" src=\"https:\/\/agora.xtec.cat\/escolamestralvilanova\/wp-content\/uploads\/usu729\/2023\/11\/CARTELL-VI-ST.ART_-212x300.png\" alt=\"\" width=\"212\" height=\"300\" srcset=\"https:\/\/agora.xtec.cat\/escolamestralvilanova\/wp-content\/uploads\/usu729\/2023\/11\/CARTELL-VI-ST.ART_-212x300.png 212w, https:\/\/agora.xtec.cat\/escolamestralvilanova\/wp-content\/uploads\/usu729\/2023\/11\/CARTELL-VI-ST.ART_.png 452w\" sizes=\"auto, (max-width: 212px) 100vw, 212px\" \/><\/a><\/p>\n","protected":false},"excerpt":{"rendered":"<p>Al llarg\u00a0d&#8217;aquesta\u00a0setmana\u00a0i la vinent\u00a0celebrarem la VI edici\u00f3\u00a0de\u00a0la nostra &#8220;Setmana\u00a0de\u00a0l&#8217;art&#8221;.<br \/>\nDurant aquesta\u00a0setmana,\u00a0del\u00a015 al 22\u00a0de\u00a0novembre, tots els nens i nenes\u00a0de\u00a0l\u2019escola participarem d&#8217;una\u00a0setmana\u00a0on la\u00a0m\u00fasica i l&#8217;expressi\u00f3\u00a0art\u00edstica\u00a0ser\u00e0 la gran protagonista.<br \/>\nAquest any ens centrarem en apropar-nos a diverses t\u00e8cniques\u00a0art\u00edstiques per poder produir\u00a0una obra pr\u00f2pia arrel de la visita a &#8220;La Fundaci\u00f3&hellip;  <a href=\"https:\/\/agora.xtec.cat\/escolamestralvilanova\/infantil\/vi-setmana-de-lart\/\" title=\"Read VI SETMANA DE L&#8217;ART\">Llegeix m\u00e9s\u00bb<\/a><\/p>\n","protected":false},"author":1,"featured_media":0,"comment_status":"open","ping_status":"closed","sticky":false,"template":"","format":"standard","meta":{"_bbp_topic_count":0,"_bbp_reply_count":0,"_bbp_total_topic_count":0,"_bbp_total_reply_count":0,"_bbp_voice_count":0,"_bbp_anonymous_reply_count":0,"_bbp_topic_count_hidden":0,"_bbp_reply_count_hidden":0,"_bbp_forum_subforum_count":0,"footnotes":""},"categories":[2,4,5],"tags":[],"class_list":["post-8796","post","type-post","status-publish","format-standard","hentry","category-infantil","category-portada","category-primaria"],"post_mailing_queue_ids":[],"_links":{"self":[{"href":"https:\/\/agora.xtec.cat\/escolamestralvilanova\/wp-json\/wp\/v2\/posts\/8796","targetHints":{"allow":["GET"]}}],"collection":[{"href":"https:\/\/agora.xtec.cat\/escolamestralvilanova\/wp-json\/wp\/v2\/posts"}],"about":[{"href":"https:\/\/agora.xtec.cat\/escolamestralvilanova\/wp-json\/wp\/v2\/types\/post"}],"author":[{"embeddable":true,"href":"https:\/\/agora.xtec.cat\/escolamestralvilanova\/wp-json\/wp\/v2\/users\/1"}],"replies":[{"embeddable":true,"href":"https:\/\/agora.xtec.cat\/escolamestralvilanova\/wp-json\/wp\/v2\/comments?post=8796"}],"version-history":[{"count":4,"href":"https:\/\/agora.xtec.cat\/escolamestralvilanova\/wp-json\/wp\/v2\/posts\/8796\/revisions"}],"predecessor-version":[{"id":8801,"href":"https:\/\/agora.xtec.cat\/escolamestralvilanova\/wp-json\/wp\/v2\/posts\/8796\/revisions\/8801"}],"wp:attachment":[{"href":"https:\/\/agora.xtec.cat\/escolamestralvilanova\/wp-json\/wp\/v2\/media?parent=8796"}],"wp:term":[{"taxonomy":"category","embeddable":true,"href":"https:\/\/agora.xtec.cat\/escolamestralvilanova\/wp-json\/wp\/v2\/categories?post=8796"},{"taxonomy":"post_tag","embeddable":true,"href":"https:\/\/agora.xtec.cat\/escolamestralvilanova\/wp-json\/wp\/v2\/tags?post=8796"}],"curies":[{"name":"wp","href":"https:\/\/api.w.org\/{rel}","templated":true}]}}