{"id":8765,"date":"2023-10-31T09:43:56","date_gmt":"2023-10-31T08:43:56","guid":{"rendered":"https:\/\/agora.xtec.cat\/escolamestralvilanova\/?p=8765"},"modified":"2023-10-31T09:44:24","modified_gmt":"2023-10-31T08:44:24","slug":"castanyada-a-lescola","status":"publish","type":"post","link":"https:\/\/agora.xtec.cat\/escolamestralvilanova\/portada\/castanyada-a-lescola\/","title":{"rendered":"CASTANYADA A L&#8217;ESCOLA!"},"content":{"rendered":"<p style=\"text-align: justify;\"><span style=\"color: #000000;\">Avui 31 d&#8217;octubre celebrem<b> La Castanyada <\/b>a l&#8217;escola, aix\u00ed que al llarg de la jornada realitzarem diferents activitats relacionades amb aquesta festivitat:<a style=\"color: #000000;\" href=\"https:\/\/agora.xtec.cat\/escolamestralvilanova\/wp-content\/uploads\/usu729\/2023\/10\/mercat-de-tardor.png\"><img loading=\"lazy\" decoding=\"async\" class=\"alignright wp-image-8766 size-medium\" src=\"https:\/\/agora.xtec.cat\/escolamestralvilanova\/wp-content\/uploads\/usu729\/2023\/10\/mercat-de-tardor-212x300.png\" alt=\"\" width=\"212\" height=\"300\" srcset=\"https:\/\/agora.xtec.cat\/escolamestralvilanova\/wp-content\/uploads\/usu729\/2023\/10\/mercat-de-tardor-212x300.png 212w, https:\/\/agora.xtec.cat\/escolamestralvilanova\/wp-content\/uploads\/usu729\/2023\/10\/mercat-de-tardor.png 452w\" sizes=\"auto, (max-width: 212px) 100vw, 212px\" \/><\/a><\/span><\/p>\n<p style=\"text-align: justify;\"><span style=\"color: #000000;\"><b><u>1 MERCAT DE TARDOR<\/u><\/b><\/span><\/p>\n<p style=\"text-align: justify;\"><span style=\"color: #000000;\">A partir de les\u00a0<b>16 hores\u00a0de\u00a0la tarda<\/b>, es realitzar\u00e0 el ja tradicional<b>\u00a0&#8220;Mercat\u00a0de\u00a0tardor&#8221;<wbr \/>\u00a0<\/b>on es vendr\u00e0 el\u00a0<b>sab\u00f3 arom\u00e0tic<\/b> que hem elaborat entre tots i totes.<\/span><\/p>\n<p style=\"text-align: justify;\"><span style=\"color: #000000;\">La venta anir\u00e0 a c\u00e0rrec dels alumnes de Cicle Superior i es dur\u00e0 a terme al pati de l&#8217;escola <b>a partir\u00a0de\u00a0les 16 hores.<\/b><\/span><\/p>\n<p style=\"text-align: justify;\"><span style=\"color: #000000;\">La recaptaci\u00f3 es destinar\u00e0 a la subvenci\u00f3 de la sortida de final de curs.<\/span><\/p>\n<p style=\"text-align: justify;\"><span style=\"color: #000000;\"><b><u>2 ELABOREM PANELLETS I VISITEM EL FORN<\/u><\/b><\/span><\/p>\n<p style=\"text-align: justify;\"><span style=\"color: #000000;\">El passat divendres, els i les alumnes d&#8217;Educaci\u00f3 Infantil <a style=\"color: #000000;\" href=\"https:\/\/agora.xtec.cat\/escolamestralvilanova\/infantil\/anem-a-comprar-els-ingredients-per-fer-panellets\/\" target=\"_blank\" rel=\"noopener\" data-saferedirecturl=\"https:\/\/www.google.com\/url?q=https:\/\/agora.xtec.cat\/escolamestralvilanova\/infantil\/anem-a-comprar-els-ingredients-per-fer-panellets\/&amp;source=gmail&amp;ust=1698826074274000&amp;usg=AOvVaw1NCN_lV9E-YOHmzrnBBgmj\">van anar a comprar els ingredients<\/a> necessaris per tal de poder elaborar, entre ahir i avui, els tradicionals panellets.<\/span><\/p>\n<p style=\"text-align: justify;\"><span style=\"color: #000000;\">Finalment, avui al mat\u00ed els portarem al Forn del poble per coure&#8217;ls.<\/span><\/p>\n<p style=\"text-align: justify;\"><span style=\"color: #000000;\"><b><u>3 BERENAR DE TARDOR<\/u><\/b><\/span><\/p>\n<p style=\"text-align: justify;\"><span style=\"color: #000000;\"><strong>Aquesta tarda<\/strong> farem un <b>berenar\u00a0de\u00a0tardor<\/b> plegats al pati. Per la qual cosa, <strong>cald<\/strong><b>r\u00e0 portar fruits i productes t\u00edpics de la tardor per tal de fer un berenar conjunt. <\/b>En aquest berenar tamb\u00e9 ens menjarem els panellets que hem elaborat a l&#8217;escola.<\/span><\/p>\n<p style=\"text-align: justify;\"><span style=\"color: #000000;\"><b><u>4 FEM UN PREG\u00d3!<\/u><\/b><\/span><\/p>\n<p style=\"text-align: justify;\"><span style=\"color: #000000;\">Tamb\u00e9 us recordem que a la p\u00e0gina web de l&#8217;escola trobareu <a style=\"color: #000000;\" href=\"https:\/\/agora.xtec.cat\/escolamestralvilanova\/infantil\/fem-un-prego-5\/\">penjat el v\u00eddeo<\/a> del preg\u00f3 que van fer ahir els i les <b>alumnes\u00a0d&#8217;I5<\/b> per anunciar al poble el &#8220;Mercat de Tardor&#8221;.<\/span><\/p>\n<p style=\"text-align: justify;\"><span style=\"color: #000000;\">Bona Castanyada!<\/span><\/p>\n","protected":false},"excerpt":{"rendered":"<p>Avui 31 d&#8217;octubre celebrem La Castanyada a l&#8217;escola, aix\u00ed que al llarg de la jornada realitzarem diferents activitats relacionades amb aquesta festivitat:<a style=\"color: #000000;\" href=\"https:\/\/agora.xtec.cat\/escolamestralvilanova\/wp-content\/uploads\/usu729\/2023\/10\/mercat-de-tardor.png\"><\/a><br \/>\n1 MERCAT DE TARDOR<br \/>\nA partir de les\u00a016 hores\u00a0de\u00a0la tarda, es realitzar\u00e0 el ja tradicional\u00a0&#8220;Mercat\u00a0de\u00a0tardor&#8221;\u00a0on es vendr\u00e0 el\u00a0sab\u00f3 arom\u00e0tic que hem elaborat&hellip;  <a href=\"https:\/\/agora.xtec.cat\/escolamestralvilanova\/portada\/castanyada-a-lescola\/\" title=\"Read CASTANYADA A L&#8217;ESCOLA!\">Llegeix m\u00e9s\u00bb<\/a><\/p>\n","protected":false},"author":1,"featured_media":0,"comment_status":"open","ping_status":"closed","sticky":false,"template":"","format":"standard","meta":{"_bbp_topic_count":0,"_bbp_reply_count":0,"_bbp_total_topic_count":0,"_bbp_total_reply_count":0,"_bbp_voice_count":0,"_bbp_anonymous_reply_count":0,"_bbp_topic_count_hidden":0,"_bbp_reply_count_hidden":0,"_bbp_forum_subforum_count":0,"footnotes":""},"categories":[4],"tags":[73],"class_list":["post-8765","post","type-post","status-publish","format-standard","hentry","category-portada","tag-castanyada"],"post_mailing_queue_ids":[],"_links":{"self":[{"href":"https:\/\/agora.xtec.cat\/escolamestralvilanova\/wp-json\/wp\/v2\/posts\/8765","targetHints":{"allow":["GET"]}}],"collection":[{"href":"https:\/\/agora.xtec.cat\/escolamestralvilanova\/wp-json\/wp\/v2\/posts"}],"about":[{"href":"https:\/\/agora.xtec.cat\/escolamestralvilanova\/wp-json\/wp\/v2\/types\/post"}],"author":[{"embeddable":true,"href":"https:\/\/agora.xtec.cat\/escolamestralvilanova\/wp-json\/wp\/v2\/users\/1"}],"replies":[{"embeddable":true,"href":"https:\/\/agora.xtec.cat\/escolamestralvilanova\/wp-json\/wp\/v2\/comments?post=8765"}],"version-history":[{"count":3,"href":"https:\/\/agora.xtec.cat\/escolamestralvilanova\/wp-json\/wp\/v2\/posts\/8765\/revisions"}],"predecessor-version":[{"id":8769,"href":"https:\/\/agora.xtec.cat\/escolamestralvilanova\/wp-json\/wp\/v2\/posts\/8765\/revisions\/8769"}],"wp:attachment":[{"href":"https:\/\/agora.xtec.cat\/escolamestralvilanova\/wp-json\/wp\/v2\/media?parent=8765"}],"wp:term":[{"taxonomy":"category","embeddable":true,"href":"https:\/\/agora.xtec.cat\/escolamestralvilanova\/wp-json\/wp\/v2\/categories?post=8765"},{"taxonomy":"post_tag","embeddable":true,"href":"https:\/\/agora.xtec.cat\/escolamestralvilanova\/wp-json\/wp\/v2\/tags?post=8765"}],"curies":[{"name":"wp","href":"https:\/\/api.w.org\/{rel}","templated":true}]}}