{"id":8743,"date":"2023-10-30T12:06:59","date_gmt":"2023-10-30T11:06:59","guid":{"rendered":"https:\/\/agora.xtec.cat\/escolamestralvilanova\/?p=8743"},"modified":"2023-10-30T12:12:26","modified_gmt":"2023-10-30T11:12:26","slug":"eleccions-al-consell-escolar-2","status":"publish","type":"post","link":"https:\/\/agora.xtec.cat\/escolamestralvilanova\/portada\/eleccions-al-consell-escolar-2\/","title":{"rendered":"ELECCIONS AL CONSELL ESCOLAR"},"content":{"rendered":"<p class=\"gmail_default\">A partir d&#8217;avui, <b>dia 30 d&#8217;octubre de 2023<\/b>, s&#8217;inicia el proc\u00e9s de renovaci\u00f3 d&#8217;una part dels\/de les representants\u00a0al\u00a0<b>CONSELL\u00a0ESCOL<wbr \/>AR.<\/b><\/p>\n<p><img loading=\"lazy\" decoding=\"async\" class=\"alignnone size-medium wp-image-8750\" src=\"https:\/\/agora.xtec.cat\/escolamestralvilanova\/wp-content\/uploads\/usu729\/2023\/10\/consells-escolars.png_412773741-300x73.png\" alt=\"\" width=\"300\" height=\"73\" srcset=\"https:\/\/agora.xtec.cat\/escolamestralvilanova\/wp-content\/uploads\/usu729\/2023\/10\/consells-escolars.png_412773741-300x73.png 300w, https:\/\/agora.xtec.cat\/escolamestralvilanova\/wp-content\/uploads\/usu729\/2023\/10\/consells-escolars.png_412773741.png 750w\" sizes=\"auto, (max-width: 300px) 100vw, 300px\" \/><\/p>\n<p class=\"gmail_default\">Durant aquest proc\u00e9s electoral s&#8217;han de renovar:<\/p>\n<ul>\n<li style=\"text-align: justify;\"><b>2 membres del sector mares i pares del Consell Escolar de l&#8217;Escola Mestral<\/b><\/li>\n<li style=\"text-align: justify;\"><b>1 membre del sector de mares i pares del Consell Escolar de la ZER Argelaga<\/b><\/li>\n<\/ul>\n<p class=\"gmail_default\">Formar part del\u00a0Consell\u00a0Escolar\u00a0\u00e9s una oportunitat per participar en la gesti\u00f3 de la nostra\u00a0escola i ZER, per la qual cosa us animem a presentar la vostra candidatura com a membre elegible del sector de mares i pares durant un\u00a0<b>mandat de 4 anys<\/b>.<\/p>\n<p class=\"gmail_default\">Tot seguit us adjuntem el calendari amb les dates m\u00e9s rellevants de tot el proc\u00e9s, tanmateix, tota la informaci\u00f3 estar\u00e0 penjada\u00a0al\u00a0taulell d&#8217;anuncis de l&#8217;interior de l&#8217;escola:<b><\/b><\/p>\n<p class=\"gmail_default\"><u><b>CALENDARI DEL PROC\u00c9S ELECTORAL DEL SECTOR MARES I PARES<\/b><\/u><\/p>\n<ul>\n<li class=\"gmail_default\" style=\"text-align: justify;\"><b>30 d&#8217;octubre:<\/b>\u00a0publicaci\u00f3 del cens electoral<\/li>\n<li style=\"text-align: justify;\"><b>6, 7 i 8 de novembre:<\/b>\u00a0presentaci\u00f3 de reclamacions\u00a0al\u00a0cens electoral<\/li>\n<li style=\"text-align: justify;\"><b>10 de novembre<\/b>: sorteig<span class=\"gmail_default\">,<\/span>\u00a0en sessi\u00f3 p\u00fablica<span class=\"gmail_default\">,<\/span>\u00a0per escollir els pares\/mares de la mesa electoral (9:15 hores a la sala de mestres)<\/li>\n<li style=\"text-align: justify;\"><span class=\"gmail_default\"><b>9 de novembre:\u00a0<\/b>data l\u00edmit per presentar les candidatures<\/span><\/li>\n<li style=\"text-align: justify;\"><span class=\"gmail_default\"><b>10 de novembre:<\/b>\u00a0publicaci\u00f3 de les candidatures<br \/>\n<\/span><\/li>\n<li style=\"text-align: justify;\"><span class=\"gmail_default\"><b>13 de novembre:<\/b>\u00a0constituci\u00f3 de la mesa electoral<\/span><\/li>\n<li style=\"text-align: justify;\"><span class=\"gmail_default\"><b>22 de novembre:<\/b>\u00a0eleccions\u00a0en horari de 15:00 hores a 17:00 hores a la sala de mestres<\/span><\/li>\n<\/ul>\n<p class=\"gmail_default\">Esperem la vostra participaci\u00f3. Entres tots i totes fem escola!<\/p>\n","protected":false},"excerpt":{"rendered":"<p>A partir d&#8217;avui, dia 30 d&#8217;octubre de 2023, s&#8217;inicia el proc\u00e9s de renovaci\u00f3 d&#8217;una part dels\/de les representants\u00a0al\u00a0CONSELL\u00a0ESCOLAR.<\/p>\n<p>Durant aquest proc\u00e9s electoral s&#8217;han de renovar:<\/p>\n<ul>\n<li style=\"text-align: justify;\">2 membres del sector mares i pares del Consell Escolar de l&#8217;Escola Mestral<\/li>\n<li style=\"text-align: justify;\">1 membre del sector de mares&hellip;  <a href=\"https:\/\/agora.xtec.cat\/escolamestralvilanova\/portada\/eleccions-al-consell-escolar-2\/\" title=\"Read ELECCIONS AL CONSELL ESCOLAR\">Llegeix m\u00e9s\u00bb<\/a><br \/>\n","protected":false},"author":1,"featured_media":0,"comment_status":"open","ping_status":"closed","sticky":false,"template":"","format":"standard","meta":{"_bbp_topic_count":0,"_bbp_reply_count":0,"_bbp_total_topic_count":0,"_bbp_total_reply_count":0,"_bbp_voice_count":0,"_bbp_anonymous_reply_count":0,"_bbp_topic_count_hidden":0,"_bbp_reply_count_hidden":0,"_bbp_forum_subforum_count":0,"footnotes":""},"categories":[4],"tags":[],"class_list":["post-8743","post","type-post","status-publish","format-standard","hentry","category-portada"],"post_mailing_queue_ids":[],"_links":{"self":[{"href":"https:\/\/agora.xtec.cat\/escolamestralvilanova\/wp-json\/wp\/v2\/posts\/8743","targetHints":{"allow":["GET"]}}],"collection":[{"href":"https:\/\/agora.xtec.cat\/escolamestralvilanova\/wp-json\/wp\/v2\/posts"}],"about":[{"href":"https:\/\/agora.xtec.cat\/escolamestralvilanova\/wp-json\/wp\/v2\/types\/post"}],"author":[{"embeddable":true,"href":"https:\/\/agora.xtec.cat\/escolamestralvilanova\/wp-json\/wp\/v2\/users\/1"}],"replies":[{"embeddable":true,"href":"https:\/\/agora.xtec.cat\/escolamestralvilanova\/wp-json\/wp\/v2\/comments?post=8743"}],"version-history":[{"count":3,"href":"https:\/\/agora.xtec.cat\/escolamestralvilanova\/wp-json\/wp\/v2\/posts\/8743\/revisions"}],"predecessor-version":[{"id":8757,"href":"https:\/\/agora.xtec.cat\/escolamestralvilanova\/wp-json\/wp\/v2\/posts\/8743\/revisions\/8757"}],"wp:attachment":[{"href":"https:\/\/agora.xtec.cat\/escolamestralvilanova\/wp-json\/wp\/v2\/media?parent=8743"}],"wp:term":[{"taxonomy":"category","embeddable":true,"href":"https:\/\/agora.xtec.cat\/escolamestralvilanova\/wp-json\/wp\/v2\/categories?post=8743"},{"taxonomy":"post_tag","embeddable":true,"href":"https:\/\/agora.xtec.cat\/escolamestralvilanova\/wp-json\/wp\/v2\/tags?post=8743"}],"curies":[{"name":"wp","href":"https:\/\/api.w.org\/{rel}","templated":true}]}}