{"id":8737,"date":"2023-10-30T10:01:29","date_gmt":"2023-10-30T09:01:29","guid":{"rendered":"https:\/\/agora.xtec.cat\/escolamestralvilanova\/?p=8737"},"modified":"2023-10-30T12:44:01","modified_gmt":"2023-10-30T11:44:01","slug":"fem-un-prego-5","status":"publish","type":"post","link":"https:\/\/agora.xtec.cat\/escolamestralvilanova\/infantil\/fem-un-prego-5\/","title":{"rendered":"FEM UN PREG\u00d3"},"content":{"rendered":"<p style=\"text-align: justify;\">Aquest mat\u00ed, els alumnes d&#8217;I5 hem anat a fer un preg\u00f3 a l&#8217;Ajuntament per tal d&#8217;anunciar el &#8220;Mercat de Tardor&#8221; que es realitzar\u00e0 al pati de l&#8217;escola el proper dimarts 31 d&#8217;octubre a les 16 hores.<\/p>\n<p style=\"text-align: justify;\">Ens ha agradat molt!<\/p>\n<ul>\n<li><a href=\"https:\/\/photos.app.goo.gl\/eanu7AVUsyUuoWce7\">ENLLA\u00c7 A LES FOTOGRAFIES I V\u00cdDEO<\/a><\/li>\n<\/ul>\n<p><a href=\"https:\/\/photos.app.goo.gl\/eanu7AVUsyUuoWce7\"><img loading=\"lazy\" decoding=\"async\" class=\"alignnone size-medium wp-image-8738\" src=\"https:\/\/agora.xtec.cat\/escolamestralvilanova\/wp-content\/uploads\/usu729\/2023\/10\/prego-300x221.png\" alt=\"\" width=\"300\" height=\"221\" srcset=\"https:\/\/agora.xtec.cat\/escolamestralvilanova\/wp-content\/uploads\/usu729\/2023\/10\/prego-300x221.png 300w, https:\/\/agora.xtec.cat\/escolamestralvilanova\/wp-content\/uploads\/usu729\/2023\/10\/prego.png 640w\" sizes=\"auto, (max-width: 300px) 100vw, 300px\" \/><\/a><\/p>\n","protected":false},"excerpt":{"rendered":"<p>Aquest mat\u00ed, els alumnes d&#8217;I5 hem anat a fer un preg\u00f3 a l&#8217;Ajuntament per tal d&#8217;anunciar el &#8220;Mercat de Tardor&#8221; que es realitzar\u00e0 al pati de l&#8217;escola el proper dimarts 31 d&#8217;octubre a les 16 hores.<br \/>\nEns ha agradat molt!<\/p>\n<ul>\n<li><a href=\"https:\/\/photos.app.goo.gl\/eanu7AVUsyUuoWce7\">ENLLA\u00c7 A LES FOTOGRAFIES I V\u00cdDEO<\/a><\/li>\n<\/ul>\n<p><a&hellip;  <a href=\"https:\/\/agora.xtec.cat\/escolamestralvilanova\/infantil\/fem-un-prego-5\/\" title=\"Read FEM UN PREG\u00d3\">Llegeix m\u00e9s\u00bb<\/a><\/p>\n","protected":false},"author":1,"featured_media":0,"comment_status":"open","ping_status":"closed","sticky":false,"template":"","format":"standard","meta":{"_bbp_topic_count":0,"_bbp_reply_count":0,"_bbp_total_topic_count":0,"_bbp_total_reply_count":0,"_bbp_voice_count":0,"_bbp_anonymous_reply_count":0,"_bbp_topic_count_hidden":0,"_bbp_reply_count_hidden":0,"_bbp_forum_subforum_count":0,"footnotes":""},"categories":[2,4],"tags":[],"class_list":["post-8737","post","type-post","status-publish","format-standard","hentry","category-infantil","category-portada"],"post_mailing_queue_ids":[],"_links":{"self":[{"href":"https:\/\/agora.xtec.cat\/escolamestralvilanova\/wp-json\/wp\/v2\/posts\/8737","targetHints":{"allow":["GET"]}}],"collection":[{"href":"https:\/\/agora.xtec.cat\/escolamestralvilanova\/wp-json\/wp\/v2\/posts"}],"about":[{"href":"https:\/\/agora.xtec.cat\/escolamestralvilanova\/wp-json\/wp\/v2\/types\/post"}],"author":[{"embeddable":true,"href":"https:\/\/agora.xtec.cat\/escolamestralvilanova\/wp-json\/wp\/v2\/users\/1"}],"replies":[{"embeddable":true,"href":"https:\/\/agora.xtec.cat\/escolamestralvilanova\/wp-json\/wp\/v2\/comments?post=8737"}],"version-history":[{"count":3,"href":"https:\/\/agora.xtec.cat\/escolamestralvilanova\/wp-json\/wp\/v2\/posts\/8737\/revisions"}],"predecessor-version":[{"id":8758,"href":"https:\/\/agora.xtec.cat\/escolamestralvilanova\/wp-json\/wp\/v2\/posts\/8737\/revisions\/8758"}],"wp:attachment":[{"href":"https:\/\/agora.xtec.cat\/escolamestralvilanova\/wp-json\/wp\/v2\/media?parent=8737"}],"wp:term":[{"taxonomy":"category","embeddable":true,"href":"https:\/\/agora.xtec.cat\/escolamestralvilanova\/wp-json\/wp\/v2\/categories?post=8737"},{"taxonomy":"post_tag","embeddable":true,"href":"https:\/\/agora.xtec.cat\/escolamestralvilanova\/wp-json\/wp\/v2\/tags?post=8737"}],"curies":[{"name":"wp","href":"https:\/\/api.w.org\/{rel}","templated":true}]}}