{"id":8717,"date":"2023-10-23T15:18:26","date_gmt":"2023-10-23T13:18:26","guid":{"rendered":"https:\/\/agora.xtec.cat\/escolamestralvilanova\/?p=8717"},"modified":"2023-10-25T15:23:16","modified_gmt":"2023-10-25T13:23:16","slug":"anem-a-comprar-planter-4","status":"publish","type":"post","link":"https:\/\/agora.xtec.cat\/escolamestralvilanova\/infantil\/anem-a-comprar-planter-4\/","title":{"rendered":"ANEM A COMPRAR PLANTER!"},"content":{"rendered":"<p>El divendres 6 d&#8217;octubre vam anar a buscar planter al Mercat, per\u00f2 quina va ser la nostra sorpresa&#8230; la parada del planter no hi era!<\/p>\n<p>Aix\u00ed, com el divendres 20 d&#8217;octubre est\u00e0vem de trobada de ZER, vam demanar als m\u00e9s petits, als nostres companys i companyes de la Llar si podien anar a buscar el planter.<\/p>\n<p>La parada de planter &#8220;Jarana&#8221; els hi va donar: enciams, pastanagues, api, espinacs, etc.<\/p>\n<p>Moltes gr\u00e0cies!<\/p>\n<ul>\n<li><a href=\"https:\/\/photos.google.com\/u\/1\/share\/AF1QipOqfwrbjfP690udLZ4eByJRTd7RQob_M_RJRpTSdfOfh0h7WG2h90_A8YWw0UrWkA?key=WHBqcTNZMlFwRkZDNktVQWs5QXZCOE4zTUp4M2Zn\">ENLLA\u00c7 A LES FOTOGRAFIES<\/a><\/li>\n<\/ul>\n<p><a href=\"https:\/\/photos.google.com\/u\/1\/share\/AF1QipOqfwrbjfP690udLZ4eByJRTd7RQob_M_RJRpTSdfOfh0h7WG2h90_A8YWw0UrWkA?key=WHBqcTNZMlFwRkZDNktVQWs5QXZCOE4zTUp4M2Zn\"><img loading=\"lazy\" decoding=\"async\" class=\"alignnone size-medium wp-image-8718\" src=\"https:\/\/agora.xtec.cat\/escolamestralvilanova\/wp-content\/uploads\/usu729\/2023\/10\/089313dd-380d-4f72-912e-8d978260f2ee-300x225.jpg\" alt=\"\" width=\"300\" height=\"225\" srcset=\"https:\/\/agora.xtec.cat\/escolamestralvilanova\/wp-content\/uploads\/usu729\/2023\/10\/089313dd-380d-4f72-912e-8d978260f2ee-300x225.jpg 300w, https:\/\/agora.xtec.cat\/escolamestralvilanova\/wp-content\/uploads\/usu729\/2023\/10\/089313dd-380d-4f72-912e-8d978260f2ee-200x150.jpg 200w, https:\/\/agora.xtec.cat\/escolamestralvilanova\/wp-content\/uploads\/usu729\/2023\/10\/089313dd-380d-4f72-912e-8d978260f2ee.jpg 640w\" sizes=\"auto, (max-width: 300px) 100vw, 300px\" \/><\/a><\/p>\n","protected":false},"excerpt":{"rendered":"<p>El divendres 6 d&#8217;octubre vam anar a buscar planter al Mercat, per\u00f2 quina va ser la nostra sorpresa&#8230; la parada del planter no hi era!<br \/>\nAix\u00ed, com el divendres 20 d&#8217;octubre est\u00e0vem de trobada de ZER, vam demanar als m\u00e9s petits, als nostres companys i companyes&hellip;  <a href=\"https:\/\/agora.xtec.cat\/escolamestralvilanova\/infantil\/anem-a-comprar-planter-4\/\" title=\"Read ANEM A COMPRAR PLANTER!\">Llegeix m\u00e9s\u00bb<\/a><\/p>\n","protected":false},"author":1,"featured_media":0,"comment_status":"open","ping_status":"closed","sticky":false,"template":"","format":"standard","meta":{"_bbp_topic_count":0,"_bbp_reply_count":0,"_bbp_total_topic_count":0,"_bbp_total_reply_count":0,"_bbp_voice_count":0,"_bbp_anonymous_reply_count":0,"_bbp_topic_count_hidden":0,"_bbp_reply_count_hidden":0,"_bbp_forum_subforum_count":0,"footnotes":""},"categories":[2,4,5],"tags":[],"class_list":["post-8717","post","type-post","status-publish","format-standard","hentry","category-infantil","category-portada","category-primaria"],"post_mailing_queue_ids":[],"_links":{"self":[{"href":"https:\/\/agora.xtec.cat\/escolamestralvilanova\/wp-json\/wp\/v2\/posts\/8717","targetHints":{"allow":["GET"]}}],"collection":[{"href":"https:\/\/agora.xtec.cat\/escolamestralvilanova\/wp-json\/wp\/v2\/posts"}],"about":[{"href":"https:\/\/agora.xtec.cat\/escolamestralvilanova\/wp-json\/wp\/v2\/types\/post"}],"author":[{"embeddable":true,"href":"https:\/\/agora.xtec.cat\/escolamestralvilanova\/wp-json\/wp\/v2\/users\/1"}],"replies":[{"embeddable":true,"href":"https:\/\/agora.xtec.cat\/escolamestralvilanova\/wp-json\/wp\/v2\/comments?post=8717"}],"version-history":[{"count":1,"href":"https:\/\/agora.xtec.cat\/escolamestralvilanova\/wp-json\/wp\/v2\/posts\/8717\/revisions"}],"predecessor-version":[{"id":8719,"href":"https:\/\/agora.xtec.cat\/escolamestralvilanova\/wp-json\/wp\/v2\/posts\/8717\/revisions\/8719"}],"wp:attachment":[{"href":"https:\/\/agora.xtec.cat\/escolamestralvilanova\/wp-json\/wp\/v2\/media?parent=8717"}],"wp:term":[{"taxonomy":"category","embeddable":true,"href":"https:\/\/agora.xtec.cat\/escolamestralvilanova\/wp-json\/wp\/v2\/categories?post=8717"},{"taxonomy":"post_tag","embeddable":true,"href":"https:\/\/agora.xtec.cat\/escolamestralvilanova\/wp-json\/wp\/v2\/tags?post=8717"}],"curies":[{"name":"wp","href":"https:\/\/api.w.org\/{rel}","templated":true}]}}