{"id":8701,"date":"2023-10-25T12:24:57","date_gmt":"2023-10-25T10:24:57","guid":{"rendered":"https:\/\/agora.xtec.cat\/escolamestralvilanova\/?p=8701"},"modified":"2023-10-25T12:39:06","modified_gmt":"2023-10-25T10:39:06","slug":"plantem-5","status":"publish","type":"post","link":"https:\/\/agora.xtec.cat\/escolamestralvilanova\/infantil\/plantem-5\/","title":{"rendered":"PLANTEM!"},"content":{"rendered":"<p style=\"text-align: justify;\">Ahir al mat\u00ed vam anar a l&#8217;hort a preparar la terra i fer els cavallons per poder-hi plantar, mentre uns remov\u00edem la terra i hi pos\u00e0vem adob altres companys i companyes preparaven els cavallons. Els cavallons es fan com si fossin muntanyetes de terra.<\/p>\n<p style=\"text-align: justify;\">A la tarda hi vam tornar, vam fer uns forats als cavallons i vam comen\u00e7ar a plantar el planter que vam recollir al mercat el passat divendres. Tenim enciams, api, pastanagues i espinacs.<\/p>\n<p style=\"text-align: justify;\">Avui tamb\u00e9 han anat a l&#8217;hort la resta dels alumnes de l&#8217;escola.<\/p>\n<p style=\"text-align: justify;\">Ens agrada molt l&#8217;hort!<\/p>\n<pre>Text escrit per l'Efr\u00e9n de 6\u00e8\r\n\r\n<\/pre>\n<ul>\n<li><a href=\"https:\/\/photos.app.goo.gl\/k3jXrFTz19JyuQw67\">ENLLA\u00c7 A LES FOTOGRAFIES\u00a0<\/a><\/li>\n<\/ul>\n<p><a href=\"https:\/\/photos.app.goo.gl\/k3jXrFTz19JyuQw67\"><img loading=\"lazy\" decoding=\"async\" class=\"alignnone size-medium wp-image-8702\" src=\"https:\/\/agora.xtec.cat\/escolamestralvilanova\/wp-content\/uploads\/usu729\/2023\/10\/hort-300x173.png\" alt=\"\" width=\"300\" height=\"173\" srcset=\"https:\/\/agora.xtec.cat\/escolamestralvilanova\/wp-content\/uploads\/usu729\/2023\/10\/hort-300x173.png 300w, https:\/\/agora.xtec.cat\/escolamestralvilanova\/wp-content\/uploads\/usu729\/2023\/10\/hort-1024x590.png 1024w, https:\/\/agora.xtec.cat\/escolamestralvilanova\/wp-content\/uploads\/usu729\/2023\/10\/hort-768x442.png 768w, https:\/\/agora.xtec.cat\/escolamestralvilanova\/wp-content\/uploads\/usu729\/2023\/10\/hort.png 1215w\" sizes=\"auto, (max-width: 300px) 100vw, 300px\" \/><\/a><\/p>\n<p>&nbsp;<\/p>\n","protected":false},"excerpt":{"rendered":"<p>Ahir al mat\u00ed vam anar a l&#8217;hort a preparar la terra i fer els cavallons per poder-hi plantar, mentre uns remov\u00edem la terra i hi pos\u00e0vem adob altres companys i companyes preparaven els cavallons. Els cavallons es fan com si fossin muntanyetes de terra.<br \/>\nA la&hellip;  <a href=\"https:\/\/agora.xtec.cat\/escolamestralvilanova\/infantil\/plantem-5\/\" title=\"Read PLANTEM!\">Llegeix m\u00e9s\u00bb<\/a><\/p>\n","protected":false},"author":1,"featured_media":0,"comment_status":"open","ping_status":"closed","sticky":false,"template":"","format":"standard","meta":{"_bbp_topic_count":0,"_bbp_reply_count":0,"_bbp_total_topic_count":0,"_bbp_total_reply_count":0,"_bbp_voice_count":0,"_bbp_anonymous_reply_count":0,"_bbp_topic_count_hidden":0,"_bbp_reply_count_hidden":0,"_bbp_forum_subforum_count":0,"footnotes":""},"categories":[2,4,5],"tags":[],"class_list":["post-8701","post","type-post","status-publish","format-standard","hentry","category-infantil","category-portada","category-primaria"],"post_mailing_queue_ids":[],"_links":{"self":[{"href":"https:\/\/agora.xtec.cat\/escolamestralvilanova\/wp-json\/wp\/v2\/posts\/8701","targetHints":{"allow":["GET"]}}],"collection":[{"href":"https:\/\/agora.xtec.cat\/escolamestralvilanova\/wp-json\/wp\/v2\/posts"}],"about":[{"href":"https:\/\/agora.xtec.cat\/escolamestralvilanova\/wp-json\/wp\/v2\/types\/post"}],"author":[{"embeddable":true,"href":"https:\/\/agora.xtec.cat\/escolamestralvilanova\/wp-json\/wp\/v2\/users\/1"}],"replies":[{"embeddable":true,"href":"https:\/\/agora.xtec.cat\/escolamestralvilanova\/wp-json\/wp\/v2\/comments?post=8701"}],"version-history":[{"count":3,"href":"https:\/\/agora.xtec.cat\/escolamestralvilanova\/wp-json\/wp\/v2\/posts\/8701\/revisions"}],"predecessor-version":[{"id":8712,"href":"https:\/\/agora.xtec.cat\/escolamestralvilanova\/wp-json\/wp\/v2\/posts\/8701\/revisions\/8712"}],"wp:attachment":[{"href":"https:\/\/agora.xtec.cat\/escolamestralvilanova\/wp-json\/wp\/v2\/media?parent=8701"}],"wp:term":[{"taxonomy":"category","embeddable":true,"href":"https:\/\/agora.xtec.cat\/escolamestralvilanova\/wp-json\/wp\/v2\/categories?post=8701"},{"taxonomy":"post_tag","embeddable":true,"href":"https:\/\/agora.xtec.cat\/escolamestralvilanova\/wp-json\/wp\/v2\/tags?post=8701"}],"curies":[{"name":"wp","href":"https:\/\/api.w.org\/{rel}","templated":true}]}}