{"id":8680,"date":"2023-10-23T12:58:45","date_gmt":"2023-10-23T10:58:45","guid":{"rendered":"https:\/\/agora.xtec.cat\/escolamestralvilanova\/?p=8680"},"modified":"2023-10-23T12:58:45","modified_gmt":"2023-10-23T10:58:45","slug":"els-oficis-de-les-nostres-families-7","status":"publish","type":"post","link":"https:\/\/agora.xtec.cat\/escolamestralvilanova\/infantil\/els-oficis-de-les-nostres-families-7\/","title":{"rendered":"ELS OFICIS DE LES NOSTRES FAM\u00cdLIES"},"content":{"rendered":"<p>Aquesta setmana, a educaci\u00f3 infantil, hem comen\u00e7at el treball dels oficis.<\/p>\n<p>A I3 i I4 hem conegut l\u2019ofici d\u2019advocat i escultor.<\/p>\n<ul>\n<li><a href=\"https:\/\/photos.google.com\/share\/AF1QipMZ_9qQpmt8RecQaHrkLbLw3e-qeEWVbIHYWnx6n15afoSewdBXmmWEiQZ2nC6MfQ?pli=1&amp;key=U1lwOVJFbldPYkJmSG9sZDlrTTM3QUI1S2swYm9n\">ENLLA\u00c7 A LES FOTOGRAFIES I3\/I4<\/a><\/li>\n<\/ul>\n<p><a href=\"https:\/\/photos.google.com\/share\/AF1QipMZ_9qQpmt8RecQaHrkLbLw3e-qeEWVbIHYWnx6n15afoSewdBXmmWEiQZ2nC6MfQ?pli=1&amp;key=U1lwOVJFbldPYkJmSG9sZDlrTTM3QUI1S2swYm9n\"><img loading=\"lazy\" decoding=\"async\" class=\"alignnone size-medium wp-image-8681\" src=\"https:\/\/agora.xtec.cat\/escolamestralvilanova\/wp-content\/uploads\/usu729\/2023\/10\/IMG_2933-300x225.jpg\" alt=\"\" width=\"300\" height=\"225\" srcset=\"https:\/\/agora.xtec.cat\/escolamestralvilanova\/wp-content\/uploads\/usu729\/2023\/10\/IMG_2933-300x225.jpg 300w, https:\/\/agora.xtec.cat\/escolamestralvilanova\/wp-content\/uploads\/usu729\/2023\/10\/IMG_2933-200x150.jpg 200w, https:\/\/agora.xtec.cat\/escolamestralvilanova\/wp-content\/uploads\/usu729\/2023\/10\/IMG_2933.jpg 640w\" sizes=\"auto, (max-width: 300px) 100vw, 300px\" \/><\/a><\/p>\n<p>A I5 hem descobert el d\u2019enginyer i farmac\u00e8utica.<\/p>\n<ul>\n<li><a href=\"https:\/\/photos.google.com\/share\/AF1QipNrIOg62BUtKMeFuN5tve09x896PI6nDaRbucdKwsG7UoVwJ3Ou2ZueC11eKMrLjg?key=bmc2eC1mQlpMY3FOMS1xTmFpVkZUd1J3UFd3d1pR\">ENLLA\u00c7 A LES FOTOGRAFIES I5<\/a><\/li>\n<\/ul>\n<p><a href=\"https:\/\/photos.google.com\/share\/AF1QipNrIOg62BUtKMeFuN5tve09x896PI6nDaRbucdKwsG7UoVwJ3Ou2ZueC11eKMrLjg?key=bmc2eC1mQlpMY3FOMS1xTmFpVkZUd1J3UFd3d1pR\"><img loading=\"lazy\" decoding=\"async\" class=\"alignnone size-medium wp-image-8682\" src=\"https:\/\/agora.xtec.cat\/escolamestralvilanova\/wp-content\/uploads\/usu729\/2023\/10\/IMG_20231018_102933-300x217.jpg\" alt=\"\" width=\"300\" height=\"217\" srcset=\"https:\/\/agora.xtec.cat\/escolamestralvilanova\/wp-content\/uploads\/usu729\/2023\/10\/IMG_20231018_102933-300x217.jpg 300w, https:\/\/agora.xtec.cat\/escolamestralvilanova\/wp-content\/uploads\/usu729\/2023\/10\/IMG_20231018_102933.jpg 442w\" sizes=\"auto, (max-width: 300px) 100vw, 300px\" \/><\/a><\/p>\n","protected":false},"excerpt":{"rendered":"<p>Aquesta setmana, a educaci\u00f3 infantil, hem comen\u00e7at el treball dels oficis.<br \/>\nA I3 i I4 hem conegut l\u2019ofici d\u2019advocat i escultor.<\/p>\n<ul>\n<li><a href=\"https:\/\/photos.google.com\/share\/AF1QipMZ_9qQpmt8RecQaHrkLbLw3e-qeEWVbIHYWnx6n15afoSewdBXmmWEiQZ2nC6MfQ?pli=1&amp;key=U1lwOVJFbldPYkJmSG9sZDlrTTM3QUI1S2swYm9n\">ENLLA\u00c7 A LES FOTOGRAFIES I3\/I4<\/a><\/li>\n<\/ul>\n<p><a href=\"https:\/\/photos.google.com\/share\/AF1QipMZ_9qQpmt8RecQaHrkLbLw3e-qeEWVbIHYWnx6n15afoSewdBXmmWEiQZ2nC6MfQ?pli=1&amp;key=U1lwOVJFbldPYkJmSG9sZDlrTTM3QUI1S2swYm9n\"><\/a><br \/>\nA I5 hem descobert el d\u2019enginyer i farmac\u00e8utica.<\/p>\n<ul>\n<li><a href=\"https:\/\/photos.google.com\/share\/AF1QipNrIOg62BUtKMeFuN5tve09x896PI6nDaRbucdKwsG7UoVwJ3Ou2ZueC11eKMrLjg?key=bmc2eC1mQlpMY3FOMS1xTmFpVkZUd1J3UFd3d1pR\">ENLLA\u00c7 A LES FOTOGRAFIES I5<\/a><\/li>\n<\/ul>\n<p><a href=\"https:\/\/photos.google.com\/share\/AF1QipNrIOg62BUtKMeFuN5tve09x896PI6nDaRbucdKwsG7UoVwJ3Ou2ZueC11eKMrLjg?key=bmc2eC1mQlpMY3FOMS1xTmFpVkZUd1J3UFd3d1pR\"><\/a><\/p>\n","protected":false},"author":1,"featured_media":0,"comment_status":"open","ping_status":"closed","sticky":false,"template":"","format":"standard","meta":{"_bbp_topic_count":0,"_bbp_reply_count":0,"_bbp_total_topic_count":0,"_bbp_total_reply_count":0,"_bbp_voice_count":0,"_bbp_anonymous_reply_count":0,"_bbp_topic_count_hidden":0,"_bbp_reply_count_hidden":0,"_bbp_forum_subforum_count":0,"footnotes":""},"categories":[3,2,4],"tags":[],"class_list":["post-8680","post","type-post","status-publish","format-standard","hentry","category-ei3-ei4-ei5","category-infantil","category-portada"],"post_mailing_queue_ids":[],"_links":{"self":[{"href":"https:\/\/agora.xtec.cat\/escolamestralvilanova\/wp-json\/wp\/v2\/posts\/8680","targetHints":{"allow":["GET"]}}],"collection":[{"href":"https:\/\/agora.xtec.cat\/escolamestralvilanova\/wp-json\/wp\/v2\/posts"}],"about":[{"href":"https:\/\/agora.xtec.cat\/escolamestralvilanova\/wp-json\/wp\/v2\/types\/post"}],"author":[{"embeddable":true,"href":"https:\/\/agora.xtec.cat\/escolamestralvilanova\/wp-json\/wp\/v2\/users\/1"}],"replies":[{"embeddable":true,"href":"https:\/\/agora.xtec.cat\/escolamestralvilanova\/wp-json\/wp\/v2\/comments?post=8680"}],"version-history":[{"count":1,"href":"https:\/\/agora.xtec.cat\/escolamestralvilanova\/wp-json\/wp\/v2\/posts\/8680\/revisions"}],"predecessor-version":[{"id":8683,"href":"https:\/\/agora.xtec.cat\/escolamestralvilanova\/wp-json\/wp\/v2\/posts\/8680\/revisions\/8683"}],"wp:attachment":[{"href":"https:\/\/agora.xtec.cat\/escolamestralvilanova\/wp-json\/wp\/v2\/media?parent=8680"}],"wp:term":[{"taxonomy":"category","embeddable":true,"href":"https:\/\/agora.xtec.cat\/escolamestralvilanova\/wp-json\/wp\/v2\/categories?post=8680"},{"taxonomy":"post_tag","embeddable":true,"href":"https:\/\/agora.xtec.cat\/escolamestralvilanova\/wp-json\/wp\/v2\/tags?post=8680"}],"curies":[{"name":"wp","href":"https:\/\/api.w.org\/{rel}","templated":true}]}}