{"id":868,"date":"2018-11-07T12:46:02","date_gmt":"2018-11-07T11:46:02","guid":{"rendered":"http:\/\/agora.xtec.cat\/escolamestralvilanova\/?p=868"},"modified":"2018-11-07T16:02:19","modified_gmt":"2018-11-07T15:02:19","slug":"eleccions-al-consell-escolar","status":"publish","type":"post","link":"https:\/\/agora.xtec.cat\/escolamestralvilanova\/portada\/eleccions-al-consell-escolar\/","title":{"rendered":"ELECCIONS AL CONSELL ESCOLAR"},"content":{"rendered":"<p class=\"gmail_default\">Us informem que s&#8217;ha iniciat el proc\u00e9s de renovaci\u00f3 d&#8217;una part dels\/de les representats al <b>CONSELL ESCOLAR.<\/b><\/p>\n<p class=\"gmail_default\">Durant aquest proc\u00e9s electoral s&#8217;han de renovar <b>dos membres del sector mares i pares.<\/b><\/p>\n<p class=\"gmail_default\">Formar part del Consell Escolar \u00e9s una oportunitat per participar en la gesti\u00f3 de la nostra escola, per la qual cosa us animem a presentar la vostra candidatura com a membre elegible del sector de mares i pares.<\/p>\n<p class=\"gmail_default\">Tot seguit us adjuntem el calendari amb les dates m\u00e9s rellevants de tot el proc\u00e9s, tanmateix, tota la informaci\u00f3 estar\u00e0 penjada al taulell d&#8217;anuncis de l&#8217;interior de l&#8217;escola:<\/p>\n<p class=\"gmail_default\"><u><b>CALENDARI DEL PROC\u00c9S ELECTORAL DEL SECTOR MARES I PARES<\/b><\/u><\/p>\n<ul>\n<li><b>5 de novembre:<\/b> publicaci\u00f3 del cens electoral<\/li>\n<li><b>7, 8 i 9 de novembre:<\/b> presentaci\u00f3 de reclamacions al cens electoral<\/li>\n<li><b>8 de novembre<\/b>: sorteig<span class=\"gmail_default\">,<\/span> en sessi\u00f3 p\u00fablica<span class=\"gmail_default\">,<\/span> per escollir els pares\/mares de la mesa electoral (9:15 hores a la sala de mestres)<\/li>\n<li><span class=\"gmail_default\"><b>19 de novembre: <\/b>data l\u00edmit per presentar les candidatures<\/span><\/li>\n<li><span class=\"gmail_default\"><b>20 de novembre:<\/b> publicaci\u00f3 de les candidatures<br \/>\n<\/span><\/li>\n<li><span class=\"gmail_default\"><b>27 de novembre:<\/b> constituci\u00f3 de la mesa electoral<\/span><\/li>\n<li><span class=\"gmail_default\"><b>27 de novembre:<\/b> eleccions en horari de 14:45 hores a 16:45 hores a la sala de mestres.<\/span><\/li>\n<\/ul>\n<p><img loading=\"lazy\" decoding=\"async\" class=\"alignnone wp-image-871 size-medium\" src=\"https:\/\/agora.xtec.cat\/escolamestralvilanova\/wp-content\/uploads\/usu729\/2018\/11\/vine-a-votar-300x200.jpg\" alt=\"\" width=\"300\" height=\"200\" \/><\/p>\n","protected":false},"excerpt":{"rendered":"<p>Us informem que s&#8217;ha iniciat el proc\u00e9s de renovaci\u00f3 d&#8217;una part dels\/de les representats al CONSELL ESCOLAR.<br \/>\nDurant aquest proc\u00e9s electoral s&#8217;han de renovar dos membres del sector mares i pares.<br \/>\nFormar part del Consell Escolar \u00e9s una oportunitat per participar en la gesti\u00f3 de la nostra&hellip;  <a href=\"https:\/\/agora.xtec.cat\/escolamestralvilanova\/portada\/eleccions-al-consell-escolar\/\" title=\"Read ELECCIONS AL CONSELL ESCOLAR\">Llegeix m\u00e9s\u00bb<\/a><\/p>\n","protected":false},"author":1,"featured_media":0,"comment_status":"open","ping_status":"closed","sticky":false,"template":"","format":"standard","meta":{"_bbp_topic_count":0,"_bbp_reply_count":0,"_bbp_total_topic_count":0,"_bbp_total_reply_count":0,"_bbp_voice_count":0,"_bbp_anonymous_reply_count":0,"_bbp_topic_count_hidden":0,"_bbp_reply_count_hidden":0,"_bbp_forum_subforum_count":0,"footnotes":""},"categories":[4],"tags":[],"class_list":["post-868","post","type-post","status-publish","format-standard","hentry","category-portada"],"post_mailing_queue_ids":[],"_links":{"self":[{"href":"https:\/\/agora.xtec.cat\/escolamestralvilanova\/wp-json\/wp\/v2\/posts\/868","targetHints":{"allow":["GET"]}}],"collection":[{"href":"https:\/\/agora.xtec.cat\/escolamestralvilanova\/wp-json\/wp\/v2\/posts"}],"about":[{"href":"https:\/\/agora.xtec.cat\/escolamestralvilanova\/wp-json\/wp\/v2\/types\/post"}],"author":[{"embeddable":true,"href":"https:\/\/agora.xtec.cat\/escolamestralvilanova\/wp-json\/wp\/v2\/users\/1"}],"replies":[{"embeddable":true,"href":"https:\/\/agora.xtec.cat\/escolamestralvilanova\/wp-json\/wp\/v2\/comments?post=868"}],"version-history":[{"count":3,"href":"https:\/\/agora.xtec.cat\/escolamestralvilanova\/wp-json\/wp\/v2\/posts\/868\/revisions"}],"predecessor-version":[{"id":876,"href":"https:\/\/agora.xtec.cat\/escolamestralvilanova\/wp-json\/wp\/v2\/posts\/868\/revisions\/876"}],"wp:attachment":[{"href":"https:\/\/agora.xtec.cat\/escolamestralvilanova\/wp-json\/wp\/v2\/media?parent=868"}],"wp:term":[{"taxonomy":"category","embeddable":true,"href":"https:\/\/agora.xtec.cat\/escolamestralvilanova\/wp-json\/wp\/v2\/categories?post=868"},{"taxonomy":"post_tag","embeddable":true,"href":"https:\/\/agora.xtec.cat\/escolamestralvilanova\/wp-json\/wp\/v2\/tags?post=868"}],"curies":[{"name":"wp","href":"https:\/\/api.w.org\/{rel}","templated":true}]}}