{"id":8670,"date":"2023-10-18T10:44:21","date_gmt":"2023-10-18T08:44:21","guid":{"rendered":"https:\/\/agora.xtec.cat\/escolamestralvilanova\/?p=8670"},"modified":"2023-10-18T10:44:21","modified_gmt":"2023-10-18T08:44:21","slug":"fem-sabo-de-romani","status":"publish","type":"post","link":"https:\/\/agora.xtec.cat\/escolamestralvilanova\/general\/fem-sabo-de-romani\/","title":{"rendered":"FEM SAB\u00d3 DE ROMAN\u00cd!"},"content":{"rendered":"<p>A l&#8217;escola ja estem preparant el proper Mercat de Tardor!<\/p>\n<p>Aquest any el producte que estem elaborant \u00e9s el sab\u00f3 de roman\u00ed. Els infants de cicle superior hem gravat un v\u00eddeo on us expliquem pas a pas el proc\u00e9s d&#8217;elaboraci\u00f3.<\/p>\n<p>Esperem que us agradi!<\/p>\n<ul>\n<li><a href=\"https:\/\/photos.app.goo.gl\/V2YhbYJG2X9YTaNK6\">ENLLA\u00c7 AL V\u00cdDEO<\/a><\/li>\n<\/ul>\n<p><a href=\"https:\/\/photos.app.goo.gl\/V2YhbYJG2X9YTaNK6\"><img loading=\"lazy\" decoding=\"async\" class=\"alignnone size-large wp-image-8671\" src=\"https:\/\/agora.xtec.cat\/escolamestralvilanova\/wp-content\/uploads\/usu729\/2023\/10\/Fem-sabo-de-romani-1024x576.jpg\" alt=\"\" width=\"1024\" height=\"576\" srcset=\"https:\/\/agora.xtec.cat\/escolamestralvilanova\/wp-content\/uploads\/usu729\/2023\/10\/Fem-sabo-de-romani-1024x576.jpg 1024w, https:\/\/agora.xtec.cat\/escolamestralvilanova\/wp-content\/uploads\/usu729\/2023\/10\/Fem-sabo-de-romani-300x169.jpg 300w, https:\/\/agora.xtec.cat\/escolamestralvilanova\/wp-content\/uploads\/usu729\/2023\/10\/Fem-sabo-de-romani-768x432.jpg 768w, https:\/\/agora.xtec.cat\/escolamestralvilanova\/wp-content\/uploads\/usu729\/2023\/10\/Fem-sabo-de-romani-1536x864.jpg 1536w, https:\/\/agora.xtec.cat\/escolamestralvilanova\/wp-content\/uploads\/usu729\/2023\/10\/Fem-sabo-de-romani.jpg 1920w\" sizes=\"auto, (max-width: 1024px) 100vw, 1024px\" \/><\/a><\/p>\n","protected":false},"excerpt":{"rendered":"<p>A l&#8217;escola ja estem preparant el proper Mercat de Tardor!<br \/>\nAquest any el producte que estem elaborant \u00e9s el sab\u00f3 de roman\u00ed. Els infants de cicle superior hem gravat un v\u00eddeo on us expliquem pas a pas el proc\u00e9s d&#8217;elaboraci\u00f3.<br \/>\nEsperem que us agradi!<\/p>\n<ul>\n<li><a href=\"https:\/\/photos.app.goo.gl\/V2YhbYJG2X9YTaNK6\">ENLLA\u00c7 AL V\u00cdDEO<\/a><\/li>\n<\/ul>\n<p><a&hellip;  <a href=\"https:\/\/agora.xtec.cat\/escolamestralvilanova\/general\/fem-sabo-de-romani\/\" title=\"Read FEM SAB\u00d3 DE ROMAN\u00cd!\">Llegeix m\u00e9s\u00bb<\/a><\/p>\n","protected":false},"author":6,"featured_media":0,"comment_status":"open","ping_status":"closed","sticky":false,"template":"","format":"standard","meta":{"_bbp_topic_count":0,"_bbp_reply_count":0,"_bbp_total_topic_count":0,"_bbp_total_reply_count":0,"_bbp_voice_count":0,"_bbp_anonymous_reply_count":0,"_bbp_topic_count_hidden":0,"_bbp_reply_count_hidden":0,"_bbp_forum_subforum_count":0,"footnotes":""},"categories":[15,1,4,5],"tags":[],"class_list":["post-8670","post","type-post","status-publish","format-standard","hentry","category-cicle-superior","category-general","category-portada","category-primaria"],"post_mailing_queue_ids":[],"_links":{"self":[{"href":"https:\/\/agora.xtec.cat\/escolamestralvilanova\/wp-json\/wp\/v2\/posts\/8670","targetHints":{"allow":["GET"]}}],"collection":[{"href":"https:\/\/agora.xtec.cat\/escolamestralvilanova\/wp-json\/wp\/v2\/posts"}],"about":[{"href":"https:\/\/agora.xtec.cat\/escolamestralvilanova\/wp-json\/wp\/v2\/types\/post"}],"author":[{"embeddable":true,"href":"https:\/\/agora.xtec.cat\/escolamestralvilanova\/wp-json\/wp\/v2\/users\/6"}],"replies":[{"embeddable":true,"href":"https:\/\/agora.xtec.cat\/escolamestralvilanova\/wp-json\/wp\/v2\/comments?post=8670"}],"version-history":[{"count":2,"href":"https:\/\/agora.xtec.cat\/escolamestralvilanova\/wp-json\/wp\/v2\/posts\/8670\/revisions"}],"predecessor-version":[{"id":8673,"href":"https:\/\/agora.xtec.cat\/escolamestralvilanova\/wp-json\/wp\/v2\/posts\/8670\/revisions\/8673"}],"wp:attachment":[{"href":"https:\/\/agora.xtec.cat\/escolamestralvilanova\/wp-json\/wp\/v2\/media?parent=8670"}],"wp:term":[{"taxonomy":"category","embeddable":true,"href":"https:\/\/agora.xtec.cat\/escolamestralvilanova\/wp-json\/wp\/v2\/categories?post=8670"},{"taxonomy":"post_tag","embeddable":true,"href":"https:\/\/agora.xtec.cat\/escolamestralvilanova\/wp-json\/wp\/v2\/tags?post=8670"}],"curies":[{"name":"wp","href":"https:\/\/api.w.org\/{rel}","templated":true}]}}