{"id":8666,"date":"2023-10-18T10:25:00","date_gmt":"2023-10-18T08:25:00","guid":{"rendered":"https:\/\/agora.xtec.cat\/escolamestralvilanova\/?p=8666"},"modified":"2023-10-18T10:25:43","modified_gmt":"2023-10-18T08:25:43","slug":"primera-trobada-de-zer-2","status":"publish","type":"post","link":"https:\/\/agora.xtec.cat\/escolamestralvilanova\/general\/primera-trobada-de-zer-2\/","title":{"rendered":"PRIMERA TROBADA DE ZER"},"content":{"rendered":"<p>Aquest proper divendres dia 20 realitzarem a l&#8217;escola Mestral la primera trobada de conviv\u00e8ncia de la ZER.<\/p>\n<p>Aquest any els infants de Torrelameu vindran a visitar-nos i a passar el dia plegats al nostre poble. Realitzarem activitats diverses i farem un esmorzar i dinar conjunt.<\/p>\n<p>Els esperem amb molta il\u00b7lusi\u00f3 i hem preparat un v\u00eddeo a mode d&#8217;invitaci\u00f3.<\/p>\n<p>Us el compartim!<\/p>\n<ul>\n<li><a href=\"https:\/\/photos.app.goo.gl\/7KiQrbcfVgqGDRnM9\">ENLLA\u00c7 AL V\u00cdDEO<\/a><\/li>\n<\/ul>\n<p><a href=\"https:\/\/photos.app.goo.gl\/7KiQrbcfVgqGDRnM9\"><img loading=\"lazy\" decoding=\"async\" class=\"alignnone wp-image-8667 size-medium\" src=\"https:\/\/agora.xtec.cat\/escolamestralvilanova\/wp-content\/uploads\/usu729\/2023\/10\/Us-invitem-a-la-nostra-escola-300x169.jpg\" alt=\"\" width=\"300\" height=\"169\" srcset=\"https:\/\/agora.xtec.cat\/escolamestralvilanova\/wp-content\/uploads\/usu729\/2023\/10\/Us-invitem-a-la-nostra-escola-300x169.jpg 300w, https:\/\/agora.xtec.cat\/escolamestralvilanova\/wp-content\/uploads\/usu729\/2023\/10\/Us-invitem-a-la-nostra-escola-1024x576.jpg 1024w, https:\/\/agora.xtec.cat\/escolamestralvilanova\/wp-content\/uploads\/usu729\/2023\/10\/Us-invitem-a-la-nostra-escola-768x432.jpg 768w, https:\/\/agora.xtec.cat\/escolamestralvilanova\/wp-content\/uploads\/usu729\/2023\/10\/Us-invitem-a-la-nostra-escola-1536x864.jpg 1536w, https:\/\/agora.xtec.cat\/escolamestralvilanova\/wp-content\/uploads\/usu729\/2023\/10\/Us-invitem-a-la-nostra-escola.jpg 1920w\" sizes=\"auto, (max-width: 300px) 100vw, 300px\" \/><\/a><\/p>\n","protected":false},"excerpt":{"rendered":"<p>Aquest proper divendres dia 20 realitzarem a l&#8217;escola Mestral la primera trobada de conviv\u00e8ncia de la ZER.<br \/>\nAquest any els infants de Torrelameu vindran a visitar-nos i a passar el dia plegats al nostre poble. Realitzarem activitats diverses i farem un esmorzar i dinar conjunt.<br \/>\nEls esperem&hellip;  <a href=\"https:\/\/agora.xtec.cat\/escolamestralvilanova\/general\/primera-trobada-de-zer-2\/\" title=\"Read PRIMERA TROBADA DE ZER\">Llegeix m\u00e9s\u00bb<\/a><\/p>\n","protected":false},"author":6,"featured_media":0,"comment_status":"open","ping_status":"closed","sticky":false,"template":"","format":"standard","meta":{"_bbp_topic_count":0,"_bbp_reply_count":0,"_bbp_total_topic_count":0,"_bbp_total_reply_count":0,"_bbp_voice_count":0,"_bbp_anonymous_reply_count":0,"_bbp_topic_count_hidden":0,"_bbp_reply_count_hidden":0,"_bbp_forum_subforum_count":0,"footnotes":""},"categories":[1,4,5],"tags":[],"class_list":["post-8666","post","type-post","status-publish","format-standard","hentry","category-general","category-portada","category-primaria"],"post_mailing_queue_ids":[],"_links":{"self":[{"href":"https:\/\/agora.xtec.cat\/escolamestralvilanova\/wp-json\/wp\/v2\/posts\/8666","targetHints":{"allow":["GET"]}}],"collection":[{"href":"https:\/\/agora.xtec.cat\/escolamestralvilanova\/wp-json\/wp\/v2\/posts"}],"about":[{"href":"https:\/\/agora.xtec.cat\/escolamestralvilanova\/wp-json\/wp\/v2\/types\/post"}],"author":[{"embeddable":true,"href":"https:\/\/agora.xtec.cat\/escolamestralvilanova\/wp-json\/wp\/v2\/users\/6"}],"replies":[{"embeddable":true,"href":"https:\/\/agora.xtec.cat\/escolamestralvilanova\/wp-json\/wp\/v2\/comments?post=8666"}],"version-history":[{"count":2,"href":"https:\/\/agora.xtec.cat\/escolamestralvilanova\/wp-json\/wp\/v2\/posts\/8666\/revisions"}],"predecessor-version":[{"id":8669,"href":"https:\/\/agora.xtec.cat\/escolamestralvilanova\/wp-json\/wp\/v2\/posts\/8666\/revisions\/8669"}],"wp:attachment":[{"href":"https:\/\/agora.xtec.cat\/escolamestralvilanova\/wp-json\/wp\/v2\/media?parent=8666"}],"wp:term":[{"taxonomy":"category","embeddable":true,"href":"https:\/\/agora.xtec.cat\/escolamestralvilanova\/wp-json\/wp\/v2\/categories?post=8666"},{"taxonomy":"post_tag","embeddable":true,"href":"https:\/\/agora.xtec.cat\/escolamestralvilanova\/wp-json\/wp\/v2\/tags?post=8666"}],"curies":[{"name":"wp","href":"https:\/\/api.w.org\/{rel}","templated":true}]}}