{"id":8631,"date":"2023-09-28T09:30:03","date_gmt":"2023-09-28T07:30:03","guid":{"rendered":"https:\/\/agora.xtec.cat\/escolamestralvilanova\/?p=8631"},"modified":"2023-09-28T09:30:17","modified_gmt":"2023-09-28T07:30:17","slug":"patios-activos","status":"publish","type":"post","link":"https:\/\/agora.xtec.cat\/escolamestralvilanova\/portada\/patios-activos\/","title":{"rendered":"PATIOS ACTIVOS"},"content":{"rendered":"<p style=\"text-align: justify;\">El mi\u00e9rcoles 27 de septiembre han venido la asociaci\u00f3n de Aspros que son unos chicos con discapacidad f\u00edsica o mental.<\/p>\n<p style=\"text-align: justify;\">A la hora del patio hemos hecho unos cuantos juegos con ellos , hemos hecho: tiro con arco, tirar de la cuerda, la goma y \u201ctella\u201d.<\/p>\n<p style=\"text-align: justify;\">Esto ha pasado porque un mi\u00e9rcoles al mes vienen a pasar un patio con nosotros, somos \u00a0muy afortunados y me lo ha pasado muy bien!!<\/p>\n<p style=\"text-align: right;\">Texto escrito por Joana C.P. (6\u00e8)<\/p>\n<ul>\n<li><a href=\"https:\/\/photos.app.goo.gl\/xpVrucVYemcEP7eJ9\">ENLLA\u00c7 A LES FOTOGRAFIES<\/a><\/li>\n<\/ul>\n<p><a href=\"https:\/\/photos.app.goo.gl\/xpVrucVYemcEP7eJ9\"><img loading=\"lazy\" decoding=\"async\" class=\"alignnone size-medium wp-image-8635\" src=\"https:\/\/agora.xtec.cat\/escolamestralvilanova\/wp-content\/uploads\/usu729\/2023\/09\/IMG-3016-300x225.jpg\" alt=\"\" width=\"300\" height=\"225\" srcset=\"https:\/\/agora.xtec.cat\/escolamestralvilanova\/wp-content\/uploads\/usu729\/2023\/09\/IMG-3016-300x225.jpg 300w, https:\/\/agora.xtec.cat\/escolamestralvilanova\/wp-content\/uploads\/usu729\/2023\/09\/IMG-3016-200x150.jpg 200w, https:\/\/agora.xtec.cat\/escolamestralvilanova\/wp-content\/uploads\/usu729\/2023\/09\/IMG-3016.jpg 640w\" sizes=\"auto, (max-width: 300px) 100vw, 300px\" \/><\/a><\/p>\n","protected":false},"excerpt":{"rendered":"<p>El mi\u00e9rcoles 27 de septiembre han venido la asociaci\u00f3n de Aspros que son unos chicos con discapacidad f\u00edsica o mental.<br \/>\nA la hora del patio hemos hecho unos cuantos juegos con ellos , hemos hecho: tiro con arco, tirar de la cuerda, la goma y \u201ctella\u201d.<br \/>\nEsto&hellip;  <a href=\"https:\/\/agora.xtec.cat\/escolamestralvilanova\/portada\/patios-activos\/\" title=\"Read PATIOS ACTIVOS\">Llegeix m\u00e9s\u00bb<\/a><\/p>\n","protected":false},"author":1,"featured_media":0,"comment_status":"open","ping_status":"closed","sticky":false,"template":"","format":"standard","meta":{"_bbp_topic_count":0,"_bbp_reply_count":0,"_bbp_total_topic_count":0,"_bbp_total_reply_count":0,"_bbp_voice_count":0,"_bbp_anonymous_reply_count":0,"_bbp_topic_count_hidden":0,"_bbp_reply_count_hidden":0,"_bbp_forum_subforum_count":0,"footnotes":""},"categories":[15,4,5],"tags":[],"class_list":["post-8631","post","type-post","status-publish","format-standard","hentry","category-cicle-superior","category-portada","category-primaria"],"post_mailing_queue_ids":[],"_links":{"self":[{"href":"https:\/\/agora.xtec.cat\/escolamestralvilanova\/wp-json\/wp\/v2\/posts\/8631","targetHints":{"allow":["GET"]}}],"collection":[{"href":"https:\/\/agora.xtec.cat\/escolamestralvilanova\/wp-json\/wp\/v2\/posts"}],"about":[{"href":"https:\/\/agora.xtec.cat\/escolamestralvilanova\/wp-json\/wp\/v2\/types\/post"}],"author":[{"embeddable":true,"href":"https:\/\/agora.xtec.cat\/escolamestralvilanova\/wp-json\/wp\/v2\/users\/1"}],"replies":[{"embeddable":true,"href":"https:\/\/agora.xtec.cat\/escolamestralvilanova\/wp-json\/wp\/v2\/comments?post=8631"}],"version-history":[{"count":3,"href":"https:\/\/agora.xtec.cat\/escolamestralvilanova\/wp-json\/wp\/v2\/posts\/8631\/revisions"}],"predecessor-version":[{"id":8637,"href":"https:\/\/agora.xtec.cat\/escolamestralvilanova\/wp-json\/wp\/v2\/posts\/8631\/revisions\/8637"}],"wp:attachment":[{"href":"https:\/\/agora.xtec.cat\/escolamestralvilanova\/wp-json\/wp\/v2\/media?parent=8631"}],"wp:term":[{"taxonomy":"category","embeddable":true,"href":"https:\/\/agora.xtec.cat\/escolamestralvilanova\/wp-json\/wp\/v2\/categories?post=8631"},{"taxonomy":"post_tag","embeddable":true,"href":"https:\/\/agora.xtec.cat\/escolamestralvilanova\/wp-json\/wp\/v2\/tags?post=8631"}],"curies":[{"name":"wp","href":"https:\/\/api.w.org\/{rel}","templated":true}]}}