{"id":8627,"date":"2023-09-27T10:23:22","date_gmt":"2023-09-27T08:23:22","guid":{"rendered":"https:\/\/agora.xtec.cat\/escolamestralvilanova\/?p=8627"},"modified":"2023-09-27T10:23:22","modified_gmt":"2023-09-27T08:23:22","slug":"fem-un-acrostic-amb-el-nostre-nom","status":"publish","type":"post","link":"https:\/\/agora.xtec.cat\/escolamestralvilanova\/general\/fem-un-acrostic-amb-el-nostre-nom\/","title":{"rendered":"FEM UN ACR\u00d2STIC AMB EL NOSTRE NOM"},"content":{"rendered":"<p>Els nens i nenes de cicle mitj\u00e0 hem treballat l&#8217;acr\u00f2stic. Com a din\u00e0mica d&#8217;inici de curs, a l&#8217;\u00e0rea de pl\u00e0stica estem creant un acr\u00f2stic amb el nom de la nostra escola, MESTRAL.<\/p>\n<p>Previ a aquesta activitat a les aules hem creat un acr\u00f2stic amb el nostre nom.<\/p>\n<p>Ens ha agradat molt l&#8217;activitat!<\/p>\n<p><a href=\"https:\/\/agora.xtec.cat\/escolamestralvilanova\/wp-content\/uploads\/usu729\/2023\/09\/IMG-1514.jpg\"><img loading=\"lazy\" decoding=\"async\" class=\"alignnone size-large wp-image-8628\" src=\"https:\/\/agora.xtec.cat\/escolamestralvilanova\/wp-content\/uploads\/usu729\/2023\/09\/IMG-1514-1024x1005.jpg\" alt=\"\" width=\"1024\" height=\"1005\" srcset=\"https:\/\/agora.xtec.cat\/escolamestralvilanova\/wp-content\/uploads\/usu729\/2023\/09\/IMG-1514-1024x1005.jpg 1024w, https:\/\/agora.xtec.cat\/escolamestralvilanova\/wp-content\/uploads\/usu729\/2023\/09\/IMG-1514-300x295.jpg 300w, https:\/\/agora.xtec.cat\/escolamestralvilanova\/wp-content\/uploads\/usu729\/2023\/09\/IMG-1514-768x754.jpg 768w, https:\/\/agora.xtec.cat\/escolamestralvilanova\/wp-content\/uploads\/usu729\/2023\/09\/IMG-1514.jpg 1438w\" sizes=\"auto, (max-width: 1024px) 100vw, 1024px\" \/><\/a><\/p>\n","protected":false},"excerpt":{"rendered":"<p>Els nens i nenes de cicle mitj\u00e0 hem treballat l&#8217;acr\u00f2stic. Com a din\u00e0mica d&#8217;inici de curs, a l&#8217;\u00e0rea de pl\u00e0stica estem creant un acr\u00f2stic amb el nom de la nostra escola, MESTRAL.<br \/>\nPrevi a aquesta activitat a les aules hem creat un acr\u00f2stic amb el nostre&hellip;  <a href=\"https:\/\/agora.xtec.cat\/escolamestralvilanova\/general\/fem-un-acrostic-amb-el-nostre-nom\/\" title=\"Read FEM UN ACR\u00d2STIC AMB EL NOSTRE NOM\">Llegeix m\u00e9s\u00bb<\/a><\/p>\n","protected":false},"author":6,"featured_media":0,"comment_status":"open","ping_status":"closed","sticky":false,"template":"","format":"standard","meta":{"_bbp_topic_count":0,"_bbp_reply_count":0,"_bbp_total_topic_count":0,"_bbp_total_reply_count":0,"_bbp_voice_count":0,"_bbp_anonymous_reply_count":0,"_bbp_topic_count_hidden":0,"_bbp_reply_count_hidden":0,"_bbp_forum_subforum_count":0,"footnotes":""},"categories":[12,1,4,5],"tags":[],"class_list":["post-8627","post","type-post","status-publish","format-standard","hentry","category-tercer-quart","category-general","category-portada","category-primaria"],"post_mailing_queue_ids":[],"_links":{"self":[{"href":"https:\/\/agora.xtec.cat\/escolamestralvilanova\/wp-json\/wp\/v2\/posts\/8627","targetHints":{"allow":["GET"]}}],"collection":[{"href":"https:\/\/agora.xtec.cat\/escolamestralvilanova\/wp-json\/wp\/v2\/posts"}],"about":[{"href":"https:\/\/agora.xtec.cat\/escolamestralvilanova\/wp-json\/wp\/v2\/types\/post"}],"author":[{"embeddable":true,"href":"https:\/\/agora.xtec.cat\/escolamestralvilanova\/wp-json\/wp\/v2\/users\/6"}],"replies":[{"embeddable":true,"href":"https:\/\/agora.xtec.cat\/escolamestralvilanova\/wp-json\/wp\/v2\/comments?post=8627"}],"version-history":[{"count":1,"href":"https:\/\/agora.xtec.cat\/escolamestralvilanova\/wp-json\/wp\/v2\/posts\/8627\/revisions"}],"predecessor-version":[{"id":8629,"href":"https:\/\/agora.xtec.cat\/escolamestralvilanova\/wp-json\/wp\/v2\/posts\/8627\/revisions\/8629"}],"wp:attachment":[{"href":"https:\/\/agora.xtec.cat\/escolamestralvilanova\/wp-json\/wp\/v2\/media?parent=8627"}],"wp:term":[{"taxonomy":"category","embeddable":true,"href":"https:\/\/agora.xtec.cat\/escolamestralvilanova\/wp-json\/wp\/v2\/categories?post=8627"},{"taxonomy":"post_tag","embeddable":true,"href":"https:\/\/agora.xtec.cat\/escolamestralvilanova\/wp-json\/wp\/v2\/tags?post=8627"}],"curies":[{"name":"wp","href":"https:\/\/api.w.org\/{rel}","templated":true}]}}