{"id":859,"date":"2018-11-06T23:18:30","date_gmt":"2018-11-06T22:18:30","guid":{"rendered":"http:\/\/agora.xtec.cat\/escolamestralvilanova\/?p=859"},"modified":"2018-11-07T13:25:26","modified_gmt":"2018-11-07T12:25:26","slug":"ens-visiten-els-agents-rurals","status":"publish","type":"post","link":"https:\/\/agora.xtec.cat\/escolamestralvilanova\/general\/ens-visiten-els-agents-rurals\/","title":{"rendered":"ENS VISITEN ELS AGENTS RURALS"},"content":{"rendered":"<p>Avui, dia 6 de novembre, els alumnes d&#8217;educaci\u00f3 Prim\u00e0ria hem rebut la visita dels Agents Rurals. Aquesta visita ens ha perm\u00e8s aprendre moltes coses sobre la tasca que desenvolupen per tal de\u00a0preservar el Medi Ambient.<\/p>\n<p>Ha sigut una gran experi\u00e8ncia!<\/p>\n<p>NOTA: El divendres tornaran a l&#8217;escola, aquest cop per visitar als alumnes d&#8217;educaci\u00f3 Infantil.<\/p>\n<p style=\"text-align: left;\"><img loading=\"lazy\" decoding=\"async\" class=\"wp-image-860 size-medium alignnone\" src=\"https:\/\/agora.xtec.cat\/escolamestralvilanova\/wp-content\/uploads\/usu729\/2018\/11\/images-300x96.png\" alt=\"\" width=\"300\" height=\"96\" srcset=\"https:\/\/agora.xtec.cat\/escolamestralvilanova\/wp-content\/uploads\/usu729\/2018\/11\/images-300x96.png 300w, https:\/\/agora.xtec.cat\/escolamestralvilanova\/wp-content\/uploads\/usu729\/2018\/11\/images.png 395w\" sizes=\"auto, (max-width: 300px) 100vw, 300px\" \/><\/p>\n<ul>\n<li><a href=\"https:\/\/photos.app.goo.gl\/u9fY51A7nj7gEJAf6\">ENLLA\u00c7 A LES FOTOGRAFIES DE CICLE INICIAL<\/a><\/li>\n<li><a href=\"https:\/\/photos.app.goo.gl\/zUTzZjJZgEjgFbQT9\">ENLLA\u00c7 A LES FOTOGRAFIES DE CICLE MITJ\u00c0<\/a><\/li>\n<li><a href=\"https:\/\/photos.app.goo.gl\/wt1XaKerTUXgbRoJ8\">ENLLA\u00c7 A LES FOTOGRAFIES DE CICLE SUPERIOR<\/a><\/li>\n<\/ul>\n","protected":false},"excerpt":{"rendered":"<p>Avui, dia 6 de novembre, els alumnes d&#8217;educaci\u00f3 Prim\u00e0ria hem rebut la visita dels Agents Rurals. Aquesta visita ens ha perm\u00e8s aprendre moltes coses sobre la tasca que desenvolupen per tal de\u00a0preservar el Medi Ambient.<br \/>\nHa sigut una gran experi\u00e8ncia!<br \/>\nNOTA: El divendres tornaran a l&#8217;escola, aquest&hellip;  <a href=\"https:\/\/agora.xtec.cat\/escolamestralvilanova\/general\/ens-visiten-els-agents-rurals\/\" title=\"Read ENS VISITEN ELS AGENTS RURALS\">Llegeix m\u00e9s\u00bb<\/a><\/p>\n","protected":false},"author":1,"featured_media":0,"comment_status":"open","ping_status":"closed","sticky":false,"template":"","format":"standard","meta":{"_bbp_topic_count":0,"_bbp_reply_count":0,"_bbp_total_topic_count":0,"_bbp_total_reply_count":0,"_bbp_voice_count":0,"_bbp_anonymous_reply_count":0,"_bbp_topic_count_hidden":0,"_bbp_reply_count_hidden":0,"_bbp_forum_subforum_count":0,"footnotes":""},"categories":[13,11,12,15,10,1,4,5],"tags":[],"class_list":["post-859","post","type-post","status-publish","format-standard","hentry","category-cinque","category-cicle-inicial","category-tercer-quart","category-cicle-superior","category-ei5-primer","category-general","category-portada","category-primaria"],"post_mailing_queue_ids":[],"_links":{"self":[{"href":"https:\/\/agora.xtec.cat\/escolamestralvilanova\/wp-json\/wp\/v2\/posts\/859","targetHints":{"allow":["GET"]}}],"collection":[{"href":"https:\/\/agora.xtec.cat\/escolamestralvilanova\/wp-json\/wp\/v2\/posts"}],"about":[{"href":"https:\/\/agora.xtec.cat\/escolamestralvilanova\/wp-json\/wp\/v2\/types\/post"}],"author":[{"embeddable":true,"href":"https:\/\/agora.xtec.cat\/escolamestralvilanova\/wp-json\/wp\/v2\/users\/1"}],"replies":[{"embeddable":true,"href":"https:\/\/agora.xtec.cat\/escolamestralvilanova\/wp-json\/wp\/v2\/comments?post=859"}],"version-history":[{"count":3,"href":"https:\/\/agora.xtec.cat\/escolamestralvilanova\/wp-json\/wp\/v2\/posts\/859\/revisions"}],"predecessor-version":[{"id":874,"href":"https:\/\/agora.xtec.cat\/escolamestralvilanova\/wp-json\/wp\/v2\/posts\/859\/revisions\/874"}],"wp:attachment":[{"href":"https:\/\/agora.xtec.cat\/escolamestralvilanova\/wp-json\/wp\/v2\/media?parent=859"}],"wp:term":[{"taxonomy":"category","embeddable":true,"href":"https:\/\/agora.xtec.cat\/escolamestralvilanova\/wp-json\/wp\/v2\/categories?post=859"},{"taxonomy":"post_tag","embeddable":true,"href":"https:\/\/agora.xtec.cat\/escolamestralvilanova\/wp-json\/wp\/v2\/tags?post=859"}],"curies":[{"name":"wp","href":"https:\/\/api.w.org\/{rel}","templated":true}]}}