{"id":8493,"date":"2023-06-21T12:45:21","date_gmt":"2023-06-21T10:45:21","guid":{"rendered":"https:\/\/agora.xtec.cat\/escolamestralvilanova\/?p=8493"},"modified":"2023-06-21T12:45:42","modified_gmt":"2023-06-21T10:45:42","slug":"projecte-a-lescoleta-els-anecs","status":"publish","type":"post","link":"https:\/\/agora.xtec.cat\/escolamestralvilanova\/infantil\/projecte-a-lescoleta-els-anecs\/","title":{"rendered":"PROJECTE A L&#8217;ESCOLETA: ELS \u00c0NECS"},"content":{"rendered":"<p style=\"text-align: justify;\">A l&#8217;Escoleta hem elaborat un projecte relacionat amb els \u00e0necs.<\/p>\n<p style=\"text-align: justify;\">L&#8217;inter\u00e8s dels infants per aquests animals ha sorgit arrel de:<br \/>\n&#8211; La can\u00e7\u00f3 &#8220;Mireu els meus \u00e0necs&#8221;, que hem apr\u00e8s durant l&#8217;hora de M\u00fasica i gr\u00e0cies a la nostra capsa musical, plena de titelles de dit, que representen animals.<br \/>\n-El conte &#8220;L&#8217;aneguet lleig&#8221;.<\/p>\n<p style=\"text-align: justify;\">Hem descobert que els \u00e0necs &#8220;no tenen boca&#8221;, sin\u00f3 bec.<\/p>\n<p style=\"text-align: justify;\">Ens ha cridat l&#8217;atenci\u00f3 el fet que els \u00e0necs tinguin plomes i que siguin tan suaus!<\/p>\n<p style=\"text-align: justify;\">El resultat final ha estat la decoraci\u00f3 d&#8217;un \u00e0nec amb plomes, que hem penjat al nostre rac\u00f3 de la primavera.<\/p>\n<p style=\"text-align: justify;\">Esperem que us agradi!<\/p>\n<ul>\n<li><a href=\"https:\/\/photos.app.goo.gl\/UMqyPf1p6nUKUhsn7\">ENLLA\u00c7 A LES FOTOGRAFIES<\/a><\/li>\n<\/ul>\n<p><a href=\"https:\/\/photos.app.goo.gl\/UMqyPf1p6nUKUhsn7\"><img loading=\"lazy\" decoding=\"async\" class=\"alignnone size-medium wp-image-8494\" src=\"https:\/\/agora.xtec.cat\/escolamestralvilanova\/wp-content\/uploads\/usu729\/2023\/06\/aneguet-300x296.jpg\" alt=\"\" width=\"300\" height=\"296\" srcset=\"https:\/\/agora.xtec.cat\/escolamestralvilanova\/wp-content\/uploads\/usu729\/2023\/06\/aneguet-300x296.jpg 300w, https:\/\/agora.xtec.cat\/escolamestralvilanova\/wp-content\/uploads\/usu729\/2023\/06\/aneguet-1024x1010.jpg 1024w, https:\/\/agora.xtec.cat\/escolamestralvilanova\/wp-content\/uploads\/usu729\/2023\/06\/aneguet-768x757.jpg 768w, https:\/\/agora.xtec.cat\/escolamestralvilanova\/wp-content\/uploads\/usu729\/2023\/06\/aneguet-1536x1514.jpg 1536w, https:\/\/agora.xtec.cat\/escolamestralvilanova\/wp-content\/uploads\/usu729\/2023\/06\/aneguet.jpg 1554w\" sizes=\"auto, (max-width: 300px) 100vw, 300px\" \/><\/a><\/p>\n","protected":false},"excerpt":{"rendered":"<p>A l&#8217;Escoleta hem elaborat un projecte relacionat amb els \u00e0necs.<br \/>\nL&#8217;inter\u00e8s dels infants per aquests animals ha sorgit arrel de:<br \/>\n&#8211; La can\u00e7\u00f3 &#8220;Mireu els meus \u00e0necs&#8221;, que hem apr\u00e8s durant l&#8217;hora de M\u00fasica i gr\u00e0cies a la nostra capsa musical, plena de titelles de dit, que&hellip;  <a href=\"https:\/\/agora.xtec.cat\/escolamestralvilanova\/infantil\/projecte-a-lescoleta-els-anecs\/\" title=\"Read PROJECTE A L&#8217;ESCOLETA: ELS \u00c0NECS\">Llegeix m\u00e9s\u00bb<\/a><\/p>\n","protected":false},"author":1,"featured_media":0,"comment_status":"open","ping_status":"closed","sticky":false,"template":"","format":"standard","meta":{"_bbp_topic_count":0,"_bbp_reply_count":0,"_bbp_total_topic_count":0,"_bbp_total_reply_count":0,"_bbp_voice_count":0,"_bbp_anonymous_reply_count":0,"_bbp_topic_count_hidden":0,"_bbp_reply_count_hidden":0,"_bbp_forum_subforum_count":0,"footnotes":""},"categories":[59,2,4],"tags":[],"class_list":["post-8493","post","type-post","status-publish","format-standard","hentry","category-primer-cicle-ed-infantil","category-infantil","category-portada"],"post_mailing_queue_ids":[],"_links":{"self":[{"href":"https:\/\/agora.xtec.cat\/escolamestralvilanova\/wp-json\/wp\/v2\/posts\/8493","targetHints":{"allow":["GET"]}}],"collection":[{"href":"https:\/\/agora.xtec.cat\/escolamestralvilanova\/wp-json\/wp\/v2\/posts"}],"about":[{"href":"https:\/\/agora.xtec.cat\/escolamestralvilanova\/wp-json\/wp\/v2\/types\/post"}],"author":[{"embeddable":true,"href":"https:\/\/agora.xtec.cat\/escolamestralvilanova\/wp-json\/wp\/v2\/users\/1"}],"replies":[{"embeddable":true,"href":"https:\/\/agora.xtec.cat\/escolamestralvilanova\/wp-json\/wp\/v2\/comments?post=8493"}],"version-history":[{"count":2,"href":"https:\/\/agora.xtec.cat\/escolamestralvilanova\/wp-json\/wp\/v2\/posts\/8493\/revisions"}],"predecessor-version":[{"id":8496,"href":"https:\/\/agora.xtec.cat\/escolamestralvilanova\/wp-json\/wp\/v2\/posts\/8493\/revisions\/8496"}],"wp:attachment":[{"href":"https:\/\/agora.xtec.cat\/escolamestralvilanova\/wp-json\/wp\/v2\/media?parent=8493"}],"wp:term":[{"taxonomy":"category","embeddable":true,"href":"https:\/\/agora.xtec.cat\/escolamestralvilanova\/wp-json\/wp\/v2\/categories?post=8493"},{"taxonomy":"post_tag","embeddable":true,"href":"https:\/\/agora.xtec.cat\/escolamestralvilanova\/wp-json\/wp\/v2\/tags?post=8493"}],"curies":[{"name":"wp","href":"https:\/\/api.w.org\/{rel}","templated":true}]}}