{"id":8486,"date":"2023-06-21T12:31:48","date_gmt":"2023-06-21T10:31:48","guid":{"rendered":"https:\/\/agora.xtec.cat\/escolamestralvilanova\/?p=8486"},"modified":"2023-06-21T12:46:17","modified_gmt":"2023-06-21T10:46:17","slug":"conta-contes","status":"publish","type":"post","link":"https:\/\/agora.xtec.cat\/escolamestralvilanova\/infantil\/conta-contes\/","title":{"rendered":"CONTA CONTES!"},"content":{"rendered":"<p style=\"text-align: justify;\">Ahir els\/les alumnes d&#8217;educaci\u00f3 infantil i cicle inicial, van poder gaudir d&#8217;una sessi\u00f3 d&#8217;animaci\u00f3 a la lectura del llibre &#8220;Rovell\u00f3&#8221; de Josep Vallverd\u00fa.<br \/>\nEl Joan de Boer, un conta contes del Bibliob\u00fas, ens va engrescar en la representaci\u00f3 del llibre amb un toc de m\u00e0gia i humor.<br \/>\nEns ho vam passar molt b\u00e9!!!<\/p>\n<ul>\n<li><a href=\"https:\/\/photos.app.goo.gl\/VPbkC8J2GjiDy6rYA\">ENLLA\u00c7 A LES FOTOGRAFIES<\/a><\/li>\n<\/ul>\n<p><a href=\"https:\/\/photos.app.goo.gl\/VPbkC8J2GjiDy6rYA\"><img loading=\"lazy\" decoding=\"async\" class=\"alignnone size-medium wp-image-8487\" src=\"https:\/\/agora.xtec.cat\/escolamestralvilanova\/wp-content\/uploads\/usu729\/2023\/06\/conta-contes-300x234.jpg\" alt=\"\" width=\"300\" height=\"234\" srcset=\"https:\/\/agora.xtec.cat\/escolamestralvilanova\/wp-content\/uploads\/usu729\/2023\/06\/conta-contes-300x234.jpg 300w, https:\/\/agora.xtec.cat\/escolamestralvilanova\/wp-content\/uploads\/usu729\/2023\/06\/conta-contes-1024x800.jpg 1024w, https:\/\/agora.xtec.cat\/escolamestralvilanova\/wp-content\/uploads\/usu729\/2023\/06\/conta-contes-768x600.jpg 768w, https:\/\/agora.xtec.cat\/escolamestralvilanova\/wp-content\/uploads\/usu729\/2023\/06\/conta-contes-1536x1200.jpg 1536w, https:\/\/agora.xtec.cat\/escolamestralvilanova\/wp-content\/uploads\/usu729\/2023\/06\/conta-contes.jpg 1967w\" sizes=\"auto, (max-width: 300px) 100vw, 300px\" \/><\/a><\/p>\n","protected":false},"excerpt":{"rendered":"<p>Ahir els\/les alumnes d&#8217;educaci\u00f3 infantil i cicle inicial, van poder gaudir d&#8217;una sessi\u00f3 d&#8217;animaci\u00f3 a la lectura del llibre &#8220;Rovell\u00f3&#8221; de Josep Vallverd\u00fa.<br \/>\nEl Joan de Boer, un conta contes del Bibliob\u00fas, ens va engrescar en la representaci\u00f3 del llibre amb un toc de m\u00e0gia i&hellip;  <a href=\"https:\/\/agora.xtec.cat\/escolamestralvilanova\/infantil\/conta-contes\/\" title=\"Read CONTA CONTES!\">Llegeix m\u00e9s\u00bb<\/a><\/p>\n","protected":false},"author":1,"featured_media":0,"comment_status":"open","ping_status":"closed","sticky":false,"template":"","format":"standard","meta":{"_bbp_topic_count":0,"_bbp_reply_count":0,"_bbp_total_topic_count":0,"_bbp_total_reply_count":0,"_bbp_voice_count":0,"_bbp_anonymous_reply_count":0,"_bbp_topic_count_hidden":0,"_bbp_reply_count_hidden":0,"_bbp_forum_subforum_count":0,"footnotes":""},"categories":[2,4],"tags":[],"class_list":["post-8486","post","type-post","status-publish","format-standard","hentry","category-infantil","category-portada"],"post_mailing_queue_ids":[],"_links":{"self":[{"href":"https:\/\/agora.xtec.cat\/escolamestralvilanova\/wp-json\/wp\/v2\/posts\/8486","targetHints":{"allow":["GET"]}}],"collection":[{"href":"https:\/\/agora.xtec.cat\/escolamestralvilanova\/wp-json\/wp\/v2\/posts"}],"about":[{"href":"https:\/\/agora.xtec.cat\/escolamestralvilanova\/wp-json\/wp\/v2\/types\/post"}],"author":[{"embeddable":true,"href":"https:\/\/agora.xtec.cat\/escolamestralvilanova\/wp-json\/wp\/v2\/users\/1"}],"replies":[{"embeddable":true,"href":"https:\/\/agora.xtec.cat\/escolamestralvilanova\/wp-json\/wp\/v2\/comments?post=8486"}],"version-history":[{"count":2,"href":"https:\/\/agora.xtec.cat\/escolamestralvilanova\/wp-json\/wp\/v2\/posts\/8486\/revisions"}],"predecessor-version":[{"id":8498,"href":"https:\/\/agora.xtec.cat\/escolamestralvilanova\/wp-json\/wp\/v2\/posts\/8486\/revisions\/8498"}],"wp:attachment":[{"href":"https:\/\/agora.xtec.cat\/escolamestralvilanova\/wp-json\/wp\/v2\/media?parent=8486"}],"wp:term":[{"taxonomy":"category","embeddable":true,"href":"https:\/\/agora.xtec.cat\/escolamestralvilanova\/wp-json\/wp\/v2\/categories?post=8486"},{"taxonomy":"post_tag","embeddable":true,"href":"https:\/\/agora.xtec.cat\/escolamestralvilanova\/wp-json\/wp\/v2\/tags?post=8486"}],"curies":[{"name":"wp","href":"https:\/\/api.w.org\/{rel}","templated":true}]}}