{"id":8480,"date":"2023-06-19T08:13:15","date_gmt":"2023-06-19T06:13:15","guid":{"rendered":"https:\/\/agora.xtec.cat\/escolamestralvilanova\/?p=8480"},"modified":"2023-06-19T08:13:15","modified_gmt":"2023-06-19T06:13:15","slug":"orles-sise-5","status":"publish","type":"post","link":"https:\/\/agora.xtec.cat\/escolamestralvilanova\/portada\/orles-sise-5\/","title":{"rendered":"ORLES SIS\u00c8"},"content":{"rendered":"<p style=\"text-align: justify;\">El passat divendres 16 de juny, es va dur a terme l\u2019acte d\u2019acomiadament dels i les alumnes de sis\u00e8 curs.<\/p>\n<blockquote>\n<p style=\"text-align: justify;\">Despr\u00e9s de nou anys a l\u2019escola ha arribat el moment de comen\u00e7ar una nova etapa,\u00a0 \u00e9s temps per valorar el bon cam\u00ed que heu fet plegats i la motxilla plena de viv\u00e8ncies, de descobertes, de participaci\u00f3, d\u2019opinions, d\u2019aprenentatges que us emporteu de la vostra estada a l\u2019escola Mestral, la vostra estimada escola que sempre recordareu i que sempre us tindr\u00e0 les portes obertes.<\/p>\n<\/blockquote>\n<p style=\"text-align: justify;\">De cara al futur us desitgem molta i molta sort. L\u2019escola Mestral sempre ser\u00e0 la vostra escola.<\/p>\n<ul>\n<li><a href=\"https:\/\/photos.google.com\/share\/AF1QipP48IOvg3b4FCrfa_bcLzRsCEiBUMyI3R1eQT6XtJeEoQ75TY6cnktctmD_ChHYNQ?key=ZTd0cnR4XzVBYWZRODJGd0VXUmFyODdDbU1WOEtn\">V\u00cdDEO DE LES ORLES<\/a><\/li>\n<li><a href=\"https:\/\/www.google.com\/url?q=https:\/\/photos.app.goo.gl\/ahP7uMMJ8oJXtJnX9&amp;source=gmail&amp;ust=1687241318217000&amp;usg=AOvVaw3cV73xVjWovBD_iYZaFV8q\">ENLLA\u00c7 A LES FOTOGRAFIES DE L&#8217;ACTE<\/a><\/li>\n<li><a href=\"https:\/\/photos.google.com\/share\/AF1QipPhlk6K9dGbHIx7pIT36r4_js4vJiFPzE7B9BGJUNZ2TamlFefFh2l7RxvaxFayqA?key=dmZKVWpwSkhPeFdjR09OMXE2Qk9EMUhnR0hPY2Z3\">FOTOGRAFIES DE LES ORLES<\/a><\/li>\n<\/ul>\n<p><strong>RECULL FOTOGRAFIES DE LES ORLES:<\/strong><\/p>\n<table style=\"border-collapse: collapse; width: 100%;\">\n<tbody>\n<tr>\n<td style=\"width: 50%; text-align: center;\"><a href=\"https:\/\/www.google.com\/url?q=https:\/\/photos.app.goo.gl\/wVA8aaJ7P514S8Xz6&amp;source=gmail&amp;ust=1687241318217000&amp;usg=AOvVaw2k9SNQm1pO1EqKPKvi1qFM\">ED. INFANTIL<\/a><\/td>\n<td style=\"width: 50%; text-align: center;\"><a href=\"https:\/\/www.google.com\/url?q=https:\/\/photos.app.goo.gl\/7iQ1wrwSpb9Gd8hy9&amp;source=gmail&amp;ust=1687241318217000&amp;usg=AOvVaw1ZTcRy6_ZH0mkWGXm_iguL\">CICLE INICIAL<\/a><\/td>\n<\/tr>\n<tr>\n<td style=\"width: 50%; text-align: center;\"><a href=\"https:\/\/www.google.com\/url?q=https:\/\/photos.app.goo.gl\/ysGcJ1zEaXirJtdLA&amp;source=gmail&amp;ust=1687241318217000&amp;usg=AOvVaw2Z8OHYREyqkdKK4veZjbU8\">CICLE MITJ\u00c0<\/a><\/td>\n<td style=\"width: 50%; text-align: center;\"><a href=\"https:\/\/photos.google.com\/share\/AF1QipOrVZB5rTNISTPOWPeTASZyK9aZzSkTGsiw2SCz9vxyxfxRrIStW3Ag9koPHXxXvQ?key=OU9LbVk5aDMxMTF5akV6aUFKeDBFcko3V09wRWZ3\">CICLE SUPERIOR<\/a><\/td>\n<\/tr>\n<\/tbody>\n<\/table>\n<p><a href=\"https:\/\/agora.xtec.cat\/escolamestralvilanova\/wp-content\/uploads\/usu729\/2023\/06\/23C14F51-5568-46C6-AC31-6E4CC27D22AB.jpeg\"><img loading=\"lazy\" decoding=\"async\" class=\"alignnone wp-image-8481\" src=\"https:\/\/agora.xtec.cat\/escolamestralvilanova\/wp-content\/uploads\/usu729\/2023\/06\/23C14F51-5568-46C6-AC31-6E4CC27D22AB-300x200.jpeg\" alt=\"\" width=\"338\" height=\"225\" srcset=\"https:\/\/agora.xtec.cat\/escolamestralvilanova\/wp-content\/uploads\/usu729\/2023\/06\/23C14F51-5568-46C6-AC31-6E4CC27D22AB-300x200.jpeg 300w, https:\/\/agora.xtec.cat\/escolamestralvilanova\/wp-content\/uploads\/usu729\/2023\/06\/23C14F51-5568-46C6-AC31-6E4CC27D22AB-768x511.jpeg 768w, https:\/\/agora.xtec.cat\/escolamestralvilanova\/wp-content\/uploads\/usu729\/2023\/06\/23C14F51-5568-46C6-AC31-6E4CC27D22AB.jpeg 1000w\" sizes=\"auto, (max-width: 338px) 100vw, 338px\" \/><\/a><\/p>\n","protected":false},"excerpt":{"rendered":"<p>El passat divendres 16 de juny, es va dur a terme l\u2019acte d\u2019acomiadament dels i les alumnes de sis\u00e8 curs.<\/p>\n<p>Despr\u00e9s de nou anys a l\u2019escola ha arribat el moment de comen\u00e7ar una nova etapa,\u00a0 \u00e9s temps per valorar el bon cam\u00ed que heu fet plegats&hellip;  <a href=\"https:\/\/agora.xtec.cat\/escolamestralvilanova\/portada\/orles-sise-5\/\" title=\"Read ORLES SIS\u00c8\">Llegeix m\u00e9s\u00bb<\/a><\/p>\n","protected":false},"author":1,"featured_media":0,"comment_status":"open","ping_status":"closed","sticky":false,"template":"","format":"standard","meta":{"_bbp_topic_count":0,"_bbp_reply_count":0,"_bbp_total_topic_count":0,"_bbp_total_reply_count":0,"_bbp_voice_count":0,"_bbp_anonymous_reply_count":0,"_bbp_topic_count_hidden":0,"_bbp_reply_count_hidden":0,"_bbp_forum_subforum_count":0,"footnotes":""},"categories":[15,4,5],"tags":[],"class_list":["post-8480","post","type-post","status-publish","format-standard","hentry","category-cicle-superior","category-portada","category-primaria"],"post_mailing_queue_ids":[],"_links":{"self":[{"href":"https:\/\/agora.xtec.cat\/escolamestralvilanova\/wp-json\/wp\/v2\/posts\/8480","targetHints":{"allow":["GET"]}}],"collection":[{"href":"https:\/\/agora.xtec.cat\/escolamestralvilanova\/wp-json\/wp\/v2\/posts"}],"about":[{"href":"https:\/\/agora.xtec.cat\/escolamestralvilanova\/wp-json\/wp\/v2\/types\/post"}],"author":[{"embeddable":true,"href":"https:\/\/agora.xtec.cat\/escolamestralvilanova\/wp-json\/wp\/v2\/users\/1"}],"replies":[{"embeddable":true,"href":"https:\/\/agora.xtec.cat\/escolamestralvilanova\/wp-json\/wp\/v2\/comments?post=8480"}],"version-history":[{"count":2,"href":"https:\/\/agora.xtec.cat\/escolamestralvilanova\/wp-json\/wp\/v2\/posts\/8480\/revisions"}],"predecessor-version":[{"id":8483,"href":"https:\/\/agora.xtec.cat\/escolamestralvilanova\/wp-json\/wp\/v2\/posts\/8480\/revisions\/8483"}],"wp:attachment":[{"href":"https:\/\/agora.xtec.cat\/escolamestralvilanova\/wp-json\/wp\/v2\/media?parent=8480"}],"wp:term":[{"taxonomy":"category","embeddable":true,"href":"https:\/\/agora.xtec.cat\/escolamestralvilanova\/wp-json\/wp\/v2\/categories?post=8480"},{"taxonomy":"post_tag","embeddable":true,"href":"https:\/\/agora.xtec.cat\/escolamestralvilanova\/wp-json\/wp\/v2\/tags?post=8480"}],"curies":[{"name":"wp","href":"https:\/\/api.w.org\/{rel}","templated":true}]}}