{"id":8467,"date":"2023-06-15T11:36:28","date_gmt":"2023-06-15T09:36:28","guid":{"rendered":"https:\/\/agora.xtec.cat\/escolamestralvilanova\/?p=8467"},"modified":"2023-06-15T11:42:45","modified_gmt":"2023-06-15T09:42:45","slug":"english-day-3","status":"publish","type":"post","link":"https:\/\/agora.xtec.cat\/escolamestralvilanova\/general\/english-day-3\/","title":{"rendered":"ENGLISH DAY"},"content":{"rendered":"<p>Hola fam\u00edlies!<\/p>\n<p>Ahir dimecres 14 de juny va tenir lloc el &#8220;<em>ENGLISH DAY<\/em>&#8221; centrat en la tem\u00e0tica de l&#8217;espai!<\/p>\n<p>Tot l&#8217;alumnat va poder gaudir d&#8217;activitats de &#8220;<em>arts and crafts<\/em>&#8220;, &#8220;<em>Moon phases cookies<\/em>!&#8221;, and &#8220;<em>quizzes<\/em>&#8220;.<\/p>\n<p>Per acabar, vam ballar tots junts!<\/p>\n<p>Ens ho vam passar d&#8217;all\u00f2 m\u00e9s b\u00e9 practicant la llengua anglesa!<\/p>\n<ul>\n<li><a href=\"https:\/\/photos.app.goo.gl\/TFEBK7KhjzyYmWXT7\">ENLLA\u00c7 A LES FOTOGRAFIES<\/a><\/li>\n<\/ul>\n<p><a href=\"https:\/\/photos.app.goo.gl\/TFEBK7KhjzyYmWXT7\"><img loading=\"lazy\" decoding=\"async\" class=\"alignnone size-medium wp-image-8468\" src=\"https:\/\/agora.xtec.cat\/escolamestralvilanova\/wp-content\/uploads\/usu729\/2023\/06\/english-day-300x169.jpg\" alt=\"\" width=\"300\" height=\"169\" srcset=\"https:\/\/agora.xtec.cat\/escolamestralvilanova\/wp-content\/uploads\/usu729\/2023\/06\/english-day-300x169.jpg 300w, https:\/\/agora.xtec.cat\/escolamestralvilanova\/wp-content\/uploads\/usu729\/2023\/06\/english-day-1024x576.jpg 1024w, https:\/\/agora.xtec.cat\/escolamestralvilanova\/wp-content\/uploads\/usu729\/2023\/06\/english-day-768x432.jpg 768w, https:\/\/agora.xtec.cat\/escolamestralvilanova\/wp-content\/uploads\/usu729\/2023\/06\/english-day-1536x865.jpg 1536w, https:\/\/agora.xtec.cat\/escolamestralvilanova\/wp-content\/uploads\/usu729\/2023\/06\/english-day-2048x1153.jpg 2048w\" sizes=\"auto, (max-width: 300px) 100vw, 300px\" \/><\/a><\/p>\n<p>&nbsp;<\/p>\n","protected":false},"excerpt":{"rendered":"<p>Hola fam\u00edlies!<br \/>\nAhir dimecres 14 de juny va tenir lloc el &#8220;ENGLISH DAY&#8221; centrat en la tem\u00e0tica de l&#8217;espai!<br \/>\nTot l&#8217;alumnat va poder gaudir d&#8217;activitats de &#8220;arts and crafts&#8220;, &#8220;Moon phases cookies!&#8221;, and &#8220;quizzes&#8220;.<br \/>\nPer acabar, vam ballar tots junts!<br \/>\nEns ho vam passar d&#8217;all\u00f2 m\u00e9s b\u00e9 practicant la&hellip;  <a href=\"https:\/\/agora.xtec.cat\/escolamestralvilanova\/general\/english-day-3\/\" title=\"Read ENGLISH DAY\">Llegeix m\u00e9s\u00bb<\/a><\/p>\n","protected":false},"author":1,"featured_media":0,"comment_status":"open","ping_status":"closed","sticky":false,"template":"","format":"standard","meta":{"_bbp_topic_count":0,"_bbp_reply_count":0,"_bbp_total_topic_count":0,"_bbp_total_reply_count":0,"_bbp_voice_count":0,"_bbp_anonymous_reply_count":0,"_bbp_topic_count_hidden":0,"_bbp_reply_count_hidden":0,"_bbp_forum_subforum_count":0,"footnotes":""},"categories":[1,2,4,5],"tags":[],"class_list":["post-8467","post","type-post","status-publish","format-standard","hentry","category-general","category-infantil","category-portada","category-primaria"],"post_mailing_queue_ids":[],"_links":{"self":[{"href":"https:\/\/agora.xtec.cat\/escolamestralvilanova\/wp-json\/wp\/v2\/posts\/8467","targetHints":{"allow":["GET"]}}],"collection":[{"href":"https:\/\/agora.xtec.cat\/escolamestralvilanova\/wp-json\/wp\/v2\/posts"}],"about":[{"href":"https:\/\/agora.xtec.cat\/escolamestralvilanova\/wp-json\/wp\/v2\/types\/post"}],"author":[{"embeddable":true,"href":"https:\/\/agora.xtec.cat\/escolamestralvilanova\/wp-json\/wp\/v2\/users\/1"}],"replies":[{"embeddable":true,"href":"https:\/\/agora.xtec.cat\/escolamestralvilanova\/wp-json\/wp\/v2\/comments?post=8467"}],"version-history":[{"count":2,"href":"https:\/\/agora.xtec.cat\/escolamestralvilanova\/wp-json\/wp\/v2\/posts\/8467\/revisions"}],"predecessor-version":[{"id":8473,"href":"https:\/\/agora.xtec.cat\/escolamestralvilanova\/wp-json\/wp\/v2\/posts\/8467\/revisions\/8473"}],"wp:attachment":[{"href":"https:\/\/agora.xtec.cat\/escolamestralvilanova\/wp-json\/wp\/v2\/media?parent=8467"}],"wp:term":[{"taxonomy":"category","embeddable":true,"href":"https:\/\/agora.xtec.cat\/escolamestralvilanova\/wp-json\/wp\/v2\/categories?post=8467"},{"taxonomy":"post_tag","embeddable":true,"href":"https:\/\/agora.xtec.cat\/escolamestralvilanova\/wp-json\/wp\/v2\/tags?post=8467"}],"curies":[{"name":"wp","href":"https:\/\/api.w.org\/{rel}","templated":true}]}}