{"id":8454,"date":"2023-06-02T10:15:06","date_gmt":"2023-06-02T08:15:06","guid":{"rendered":"https:\/\/agora.xtec.cat\/escolamestralvilanova\/?p=8454"},"modified":"2023-06-02T10:15:06","modified_gmt":"2023-06-02T08:15:06","slug":"tallers-matematics-i-linguistics","status":"publish","type":"post","link":"https:\/\/agora.xtec.cat\/escolamestralvilanova\/portada\/tallers-matematics-i-linguistics\/","title":{"rendered":"TALLERS MATEM\u00c0TICS I LING\u00dc\u00cdSTICS"},"content":{"rendered":"<p style=\"text-align: justify;\">Els infants de cicle mitj\u00e0 hem fet diversos tallers.<\/p>\n<p style=\"text-align: justify;\">D&#8217;una banda, hem fet de periodistes i ens hem entrevistat entre nosaltres seguint un q\u00fcestionari de la periodista Thais Villas. D&#8217;una altra banda, hem jugat amb les coordenades per parelles.<\/p>\n<p style=\"text-align: justify;\">Han estat activitats molt divertides!<\/p>\n<ul>\n<li><a href=\"https:\/\/photos.app.goo.gl\/9c1ZzYMt2DH8u47h7\">ENLLA\u00c7 A LES FOTOGRAFIES<\/a><\/li>\n<\/ul>\n<p><a href=\"https:\/\/photos.app.goo.gl\/9c1ZzYMt2DH8u47h7\"><img loading=\"lazy\" decoding=\"async\" class=\"alignnone size-medium wp-image-8455\" src=\"https:\/\/agora.xtec.cat\/escolamestralvilanova\/wp-content\/uploads\/usu729\/2023\/06\/8-300x169.jpeg\" alt=\"\" width=\"300\" height=\"169\" srcset=\"https:\/\/agora.xtec.cat\/escolamestralvilanova\/wp-content\/uploads\/usu729\/2023\/06\/8-300x169.jpeg 300w, https:\/\/agora.xtec.cat\/escolamestralvilanova\/wp-content\/uploads\/usu729\/2023\/06\/8-1024x576.jpeg 1024w, https:\/\/agora.xtec.cat\/escolamestralvilanova\/wp-content\/uploads\/usu729\/2023\/06\/8-768x432.jpeg 768w, https:\/\/agora.xtec.cat\/escolamestralvilanova\/wp-content\/uploads\/usu729\/2023\/06\/8-1536x863.jpeg 1536w, https:\/\/agora.xtec.cat\/escolamestralvilanova\/wp-content\/uploads\/usu729\/2023\/06\/8.jpeg 2048w\" sizes=\"auto, (max-width: 300px) 100vw, 300px\" \/><\/a><\/p>\n","protected":false},"excerpt":{"rendered":"<p>Els infants de cicle mitj\u00e0 hem fet diversos tallers.<br \/>\nD&#8217;una banda, hem fet de periodistes i ens hem entrevistat entre nosaltres seguint un q\u00fcestionari de la periodista Thais Villas. D&#8217;una altra banda, hem jugat amb les coordenades per parelles.<br \/>\nHan estat activitats molt divertides!<\/p>\n<ul>\n<li><a href=\"https:\/\/photos.app.goo.gl\/9c1ZzYMt2DH8u47h7\">ENLLA\u00c7 A LES&hellip;  <a href=\"https:\/\/agora.xtec.cat\/escolamestralvilanova\/portada\/tallers-matematics-i-linguistics\/\" title=\"Read TALLERS MATEM\u00c0TICS I LING\u00dc\u00cdSTICS\">Llegeix m\u00e9s\u00bb<\/a><br \/>\n","protected":false},"author":1,"featured_media":0,"comment_status":"open","ping_status":"closed","sticky":false,"template":"","format":"standard","meta":{"_bbp_topic_count":0,"_bbp_reply_count":0,"_bbp_total_topic_count":0,"_bbp_total_reply_count":0,"_bbp_voice_count":0,"_bbp_anonymous_reply_count":0,"_bbp_topic_count_hidden":0,"_bbp_reply_count_hidden":0,"_bbp_forum_subforum_count":0,"footnotes":""},"categories":[12,4,5],"tags":[],"class_list":["post-8454","post","type-post","status-publish","format-standard","hentry","category-tercer-quart","category-portada","category-primaria"],"post_mailing_queue_ids":[],"_links":{"self":[{"href":"https:\/\/agora.xtec.cat\/escolamestralvilanova\/wp-json\/wp\/v2\/posts\/8454","targetHints":{"allow":["GET"]}}],"collection":[{"href":"https:\/\/agora.xtec.cat\/escolamestralvilanova\/wp-json\/wp\/v2\/posts"}],"about":[{"href":"https:\/\/agora.xtec.cat\/escolamestralvilanova\/wp-json\/wp\/v2\/types\/post"}],"author":[{"embeddable":true,"href":"https:\/\/agora.xtec.cat\/escolamestralvilanova\/wp-json\/wp\/v2\/users\/1"}],"replies":[{"embeddable":true,"href":"https:\/\/agora.xtec.cat\/escolamestralvilanova\/wp-json\/wp\/v2\/comments?post=8454"}],"version-history":[{"count":1,"href":"https:\/\/agora.xtec.cat\/escolamestralvilanova\/wp-json\/wp\/v2\/posts\/8454\/revisions"}],"predecessor-version":[{"id":8456,"href":"https:\/\/agora.xtec.cat\/escolamestralvilanova\/wp-json\/wp\/v2\/posts\/8454\/revisions\/8456"}],"wp:attachment":[{"href":"https:\/\/agora.xtec.cat\/escolamestralvilanova\/wp-json\/wp\/v2\/media?parent=8454"}],"wp:term":[{"taxonomy":"category","embeddable":true,"href":"https:\/\/agora.xtec.cat\/escolamestralvilanova\/wp-json\/wp\/v2\/categories?post=8454"},{"taxonomy":"post_tag","embeddable":true,"href":"https:\/\/agora.xtec.cat\/escolamestralvilanova\/wp-json\/wp\/v2\/tags?post=8454"}],"curies":[{"name":"wp","href":"https:\/\/api.w.org\/{rel}","templated":true}]}}