{"id":8425,"date":"2023-05-25T11:28:12","date_gmt":"2023-05-25T09:28:12","guid":{"rendered":"https:\/\/agora.xtec.cat\/escolamestralvilanova\/?p=8425"},"modified":"2023-05-25T11:28:12","modified_gmt":"2023-05-25T09:28:12","slug":"pumptrack-setmana-de-la-roda-2023","status":"publish","type":"post","link":"https:\/\/agora.xtec.cat\/escolamestralvilanova\/general\/pumptrack-setmana-de-la-roda-2023\/","title":{"rendered":"PUMPTRACK &#8211; SETMANA DE LA RODA 2023"},"content":{"rendered":"<p>Hola fam\u00edlies!<\/p>\n<p>Tal com us vam dir, aquesta \u00e9s la Setmana de la Roda i tot l&#8217;alumnat de prim\u00e0ria ha anat al Pump Track amb bicicletes i patinets!<\/p>\n<p>Tamb\u00e9 recordar-vos que la seg\u00fcent sessi\u00f3 al circuit ser\u00e0 el <strong>divendres 2 de juny<\/strong>.<\/p>\n<ul>\n<li><a href=\"https:\/\/photos.app.goo.gl\/cH4SBWdSmUxhzZyh7\">ENLLA\u00c7 A LES FOTOGRAFIES<\/a><\/li>\n<\/ul>\n<p><a href=\"https:\/\/photos.app.goo.gl\/cH4SBWdSmUxhzZyh7\"><img loading=\"lazy\" decoding=\"async\" class=\"alignnone size-medium wp-image-8426\" src=\"https:\/\/agora.xtec.cat\/escolamestralvilanova\/wp-content\/uploads\/usu729\/2023\/05\/pumptrack23-300x176.jpg\" alt=\"\" width=\"300\" height=\"176\" srcset=\"https:\/\/agora.xtec.cat\/escolamestralvilanova\/wp-content\/uploads\/usu729\/2023\/05\/pumptrack23-300x176.jpg 300w, https:\/\/agora.xtec.cat\/escolamestralvilanova\/wp-content\/uploads\/usu729\/2023\/05\/pumptrack23-1024x601.jpg 1024w, https:\/\/agora.xtec.cat\/escolamestralvilanova\/wp-content\/uploads\/usu729\/2023\/05\/pumptrack23-768x451.jpg 768w, https:\/\/agora.xtec.cat\/escolamestralvilanova\/wp-content\/uploads\/usu729\/2023\/05\/pumptrack23-1536x901.jpg 1536w, https:\/\/agora.xtec.cat\/escolamestralvilanova\/wp-content\/uploads\/usu729\/2023\/05\/pumptrack23-2048x1202.jpg 2048w\" sizes=\"auto, (max-width: 300px) 100vw, 300px\" \/><\/a><\/p>\n","protected":false},"excerpt":{"rendered":"<p>Hola fam\u00edlies!<br \/>\nTal com us vam dir, aquesta \u00e9s la Setmana de la Roda i tot l&#8217;alumnat de prim\u00e0ria ha anat al Pump Track amb bicicletes i patinets!<br \/>\nTamb\u00e9 recordar-vos que la seg\u00fcent sessi\u00f3 al circuit ser\u00e0 el divendres 2 de juny.<\/p>\n<ul>\n<li><a href=\"https:\/\/photos.app.goo.gl\/cH4SBWdSmUxhzZyh7\">ENLLA\u00c7 A LES FOTOGRAFIES<\/a><\/li>\n<\/ul>\n<p><a href=\"https:\/\/photos.app.goo.gl\/cH4SBWdSmUxhzZyh7\"><\/a><\/p>\n","protected":false},"author":1,"featured_media":0,"comment_status":"open","ping_status":"closed","sticky":false,"template":"","format":"standard","meta":{"_bbp_topic_count":0,"_bbp_reply_count":0,"_bbp_total_topic_count":0,"_bbp_total_reply_count":0,"_bbp_voice_count":0,"_bbp_anonymous_reply_count":0,"_bbp_topic_count_hidden":0,"_bbp_reply_count_hidden":0,"_bbp_forum_subforum_count":0,"footnotes":""},"categories":[1,4,5],"tags":[],"class_list":["post-8425","post","type-post","status-publish","format-standard","hentry","category-general","category-portada","category-primaria"],"post_mailing_queue_ids":[],"_links":{"self":[{"href":"https:\/\/agora.xtec.cat\/escolamestralvilanova\/wp-json\/wp\/v2\/posts\/8425","targetHints":{"allow":["GET"]}}],"collection":[{"href":"https:\/\/agora.xtec.cat\/escolamestralvilanova\/wp-json\/wp\/v2\/posts"}],"about":[{"href":"https:\/\/agora.xtec.cat\/escolamestralvilanova\/wp-json\/wp\/v2\/types\/post"}],"author":[{"embeddable":true,"href":"https:\/\/agora.xtec.cat\/escolamestralvilanova\/wp-json\/wp\/v2\/users\/1"}],"replies":[{"embeddable":true,"href":"https:\/\/agora.xtec.cat\/escolamestralvilanova\/wp-json\/wp\/v2\/comments?post=8425"}],"version-history":[{"count":1,"href":"https:\/\/agora.xtec.cat\/escolamestralvilanova\/wp-json\/wp\/v2\/posts\/8425\/revisions"}],"predecessor-version":[{"id":8427,"href":"https:\/\/agora.xtec.cat\/escolamestralvilanova\/wp-json\/wp\/v2\/posts\/8425\/revisions\/8427"}],"wp:attachment":[{"href":"https:\/\/agora.xtec.cat\/escolamestralvilanova\/wp-json\/wp\/v2\/media?parent=8425"}],"wp:term":[{"taxonomy":"category","embeddable":true,"href":"https:\/\/agora.xtec.cat\/escolamestralvilanova\/wp-json\/wp\/v2\/categories?post=8425"},{"taxonomy":"post_tag","embeddable":true,"href":"https:\/\/agora.xtec.cat\/escolamestralvilanova\/wp-json\/wp\/v2\/tags?post=8425"}],"curies":[{"name":"wp","href":"https:\/\/api.w.org\/{rel}","templated":true}]}}