{"id":8418,"date":"2023-05-23T17:12:36","date_gmt":"2023-05-23T15:12:36","guid":{"rendered":"https:\/\/agora.xtec.cat\/escolamestralvilanova\/?p=8418"},"modified":"2023-05-23T17:12:59","modified_gmt":"2023-05-23T15:12:59","slug":"minimon-de-la-platja-i-els-animals-del-mar","status":"publish","type":"post","link":"https:\/\/agora.xtec.cat\/escolamestralvilanova\/infantil\/minimon-de-la-platja-i-els-animals-del-mar\/","title":{"rendered":"MINIM\u00d3N DE LA PLATJA I ELS ANIMALS DEL MAR"},"content":{"rendered":"<p style=\"text-align: justify;\">Hola de nou,<br \/>\nfa pocs dies, a les tardes art\u00edstiques de pl\u00e0stica, les nenes i els nenes tenien ja molt inter\u00e8s per l&#8217;estaci\u00f3 de l&#8217;any que vindr\u00e0; l&#8217;estiu. Volien con\u00e8ixer els animalets del mar, quins s\u00f3n els m\u00e9s grans, quins predominen, quines esp\u00e8cies hi ha, saber si tots es comporten de la mateixa manera&#8230; i vam proposar el seg\u00fcent:<br \/>\n&#8211; En primer lloc, vam presentar els animals que ten\u00edem de joguina per poder-los posar nom, observar les caracter\u00edstiques i saber curiositats d&#8217;aquests\/es.<br \/>\n&#8211; En segon lloc, vam pintar amb aquarel\u00b7les en un paper l&#8217;aigua del mar i vam intentar dibuixar aquells\/es que m\u00e9s ens agradaven.<br \/>\n&#8211; Per \u00faltim, les mestres van representar a la taula d&#8217;experimentaci\u00f3 la simulaci\u00f3 d&#8217;un minim\u00f3n del mar i la platja i vam estar jugat una bona estona.<\/p>\n<p style=\"text-align: justify;\">El m\u00f3n mar\u00ed\/aqu\u00e0tic \u00e9s molt interessant i ens crida molt l&#8217;atenci\u00f3!<\/p>\n<ul>\n<li><a href=\"https:\/\/photos.app.goo.gl\/LfHDaWwKWMCsSNBQ8\">ENLLA\u00c7 A LES FOTOGRAFIES<\/a><\/li>\n<\/ul>\n<p><a href=\"https:\/\/photos.app.goo.gl\/LfHDaWwKWMCsSNBQ8\"><img loading=\"lazy\" decoding=\"async\" class=\"alignnone size-medium wp-image-8419\" src=\"https:\/\/agora.xtec.cat\/escolamestralvilanova\/wp-content\/uploads\/usu729\/2023\/05\/minimons-224x300.jpg\" alt=\"\" width=\"224\" height=\"300\" srcset=\"https:\/\/agora.xtec.cat\/escolamestralvilanova\/wp-content\/uploads\/usu729\/2023\/05\/minimons-224x300.jpg 224w, https:\/\/agora.xtec.cat\/escolamestralvilanova\/wp-content\/uploads\/usu729\/2023\/05\/minimons-763x1024.jpg 763w, https:\/\/agora.xtec.cat\/escolamestralvilanova\/wp-content\/uploads\/usu729\/2023\/05\/minimons-768x1031.jpg 768w, https:\/\/agora.xtec.cat\/escolamestralvilanova\/wp-content\/uploads\/usu729\/2023\/05\/minimons.jpg 1105w\" sizes=\"auto, (max-width: 224px) 100vw, 224px\" \/><\/a><\/p>\n","protected":false},"excerpt":{"rendered":"<p>Hola de nou,<br \/>\nfa pocs dies, a les tardes art\u00edstiques de pl\u00e0stica, les nenes i els nenes tenien ja molt inter\u00e8s per l&#8217;estaci\u00f3 de l&#8217;any que vindr\u00e0; l&#8217;estiu. Volien con\u00e8ixer els animalets del mar, quins s\u00f3n els m\u00e9s grans, quins predominen, quines esp\u00e8cies hi ha, saber&hellip;  <a href=\"https:\/\/agora.xtec.cat\/escolamestralvilanova\/infantil\/minimon-de-la-platja-i-els-animals-del-mar\/\" title=\"Read MINIM\u00d3N DE LA PLATJA I ELS ANIMALS DEL MAR\">Llegeix m\u00e9s\u00bb<\/a><\/p>\n","protected":false},"author":1,"featured_media":0,"comment_status":"open","ping_status":"closed","sticky":false,"template":"","format":"standard","meta":{"_bbp_topic_count":0,"_bbp_reply_count":0,"_bbp_total_topic_count":0,"_bbp_total_reply_count":0,"_bbp_voice_count":0,"_bbp_anonymous_reply_count":0,"_bbp_topic_count_hidden":0,"_bbp_reply_count_hidden":0,"_bbp_forum_subforum_count":0,"footnotes":""},"categories":[3,2,4],"tags":[],"class_list":["post-8418","post","type-post","status-publish","format-standard","hentry","category-ei3-ei4-ei5","category-infantil","category-portada"],"post_mailing_queue_ids":[],"_links":{"self":[{"href":"https:\/\/agora.xtec.cat\/escolamestralvilanova\/wp-json\/wp\/v2\/posts\/8418","targetHints":{"allow":["GET"]}}],"collection":[{"href":"https:\/\/agora.xtec.cat\/escolamestralvilanova\/wp-json\/wp\/v2\/posts"}],"about":[{"href":"https:\/\/agora.xtec.cat\/escolamestralvilanova\/wp-json\/wp\/v2\/types\/post"}],"author":[{"embeddable":true,"href":"https:\/\/agora.xtec.cat\/escolamestralvilanova\/wp-json\/wp\/v2\/users\/1"}],"replies":[{"embeddable":true,"href":"https:\/\/agora.xtec.cat\/escolamestralvilanova\/wp-json\/wp\/v2\/comments?post=8418"}],"version-history":[{"count":2,"href":"https:\/\/agora.xtec.cat\/escolamestralvilanova\/wp-json\/wp\/v2\/posts\/8418\/revisions"}],"predecessor-version":[{"id":8421,"href":"https:\/\/agora.xtec.cat\/escolamestralvilanova\/wp-json\/wp\/v2\/posts\/8418\/revisions\/8421"}],"wp:attachment":[{"href":"https:\/\/agora.xtec.cat\/escolamestralvilanova\/wp-json\/wp\/v2\/media?parent=8418"}],"wp:term":[{"taxonomy":"category","embeddable":true,"href":"https:\/\/agora.xtec.cat\/escolamestralvilanova\/wp-json\/wp\/v2\/categories?post=8418"},{"taxonomy":"post_tag","embeddable":true,"href":"https:\/\/agora.xtec.cat\/escolamestralvilanova\/wp-json\/wp\/v2\/tags?post=8418"}],"curies":[{"name":"wp","href":"https:\/\/api.w.org\/{rel}","templated":true}]}}