{"id":8414,"date":"2023-05-23T12:56:11","date_gmt":"2023-05-23T10:56:11","guid":{"rendered":"https:\/\/agora.xtec.cat\/escolamestralvilanova\/?p=8414"},"modified":"2023-05-23T12:56:33","modified_gmt":"2023-05-23T10:56:33","slug":"a-la-recerca-de-pedres-magiques","status":"publish","type":"post","link":"https:\/\/agora.xtec.cat\/escolamestralvilanova\/infantil\/ei3-ei4-ei5\/a-la-recerca-de-pedres-magiques\/","title":{"rendered":"A LA RECERCA DE PEDRES M\u00c0GIQUES!"},"content":{"rendered":"<p style=\"text-align: justify;\">Hola,<br \/>\nel divendres, els nens i les nenes d&#8217;Educaci\u00f3 Infantil 3,4 i 5, a l&#8217;hora del conte, van escoltar les aventures del follet Oriol i les pedres m\u00e0giques. Despr\u00e9s de descobrir que aquestes pedres eren tan especials, van decidir sortir pels voltants de l&#8217;escola a fer una recerca de pedres, per\u00f2 no pedres qualsevol&#8230; havien de ser diferents; brillants, tenir un color especial, una forma inusual, etc.<br \/>\nPer poder observar-les millor vam agafar lupes i pots lupa. Quina estona m\u00e9s divertida!<br \/>\nUn cop \u00e9rem a l&#8217;aula, van voler pintar-les i decorar-les per fer-les encara m\u00e9s boniques.<br \/>\nAquesta pedra a partir d&#8217;ara es convertir\u00e0 en un amulet de la sort per tots i totes!!<\/p>\n<ul>\n<li><a href=\"https:\/\/photos.app.goo.gl\/s8EwoagVXVqqUCvEA\">ENLLA\u00c7A LES FOTOGRAFIES<\/a><\/li>\n<\/ul>\n<p><a href=\"https:\/\/photos.app.goo.gl\/s8EwoagVXVqqUCvEA\"><img loading=\"lazy\" decoding=\"async\" class=\"alignnone size-large wp-image-8415\" src=\"https:\/\/agora.xtec.cat\/escolamestralvilanova\/wp-content\/uploads\/usu729\/2023\/05\/PEDRES-779x1024.jpg\" alt=\"\" width=\"779\" height=\"1024\" srcset=\"https:\/\/agora.xtec.cat\/escolamestralvilanova\/wp-content\/uploads\/usu729\/2023\/05\/PEDRES-779x1024.jpg 779w, https:\/\/agora.xtec.cat\/escolamestralvilanova\/wp-content\/uploads\/usu729\/2023\/05\/PEDRES-228x300.jpg 228w, https:\/\/agora.xtec.cat\/escolamestralvilanova\/wp-content\/uploads\/usu729\/2023\/05\/PEDRES-768x1010.jpg 768w, https:\/\/agora.xtec.cat\/escolamestralvilanova\/wp-content\/uploads\/usu729\/2023\/05\/PEDRES.jpg 844w\" sizes=\"auto, (max-width: 779px) 100vw, 779px\" \/><\/a><\/p>\n","protected":false},"excerpt":{"rendered":"<p>Hola,<br \/>\nel divendres, els nens i les nenes d&#8217;Educaci\u00f3 Infantil 3,4 i 5, a l&#8217;hora del conte, van escoltar les aventures del follet Oriol i les pedres m\u00e0giques. Despr\u00e9s de descobrir que aquestes pedres eren tan especials, van decidir sortir pels voltants de l&#8217;escola a fer&hellip;  <a href=\"https:\/\/agora.xtec.cat\/escolamestralvilanova\/infantil\/ei3-ei4-ei5\/a-la-recerca-de-pedres-magiques\/\" title=\"Read A LA RECERCA DE PEDRES M\u00c0GIQUES!\">Llegeix m\u00e9s\u00bb<\/a><\/p>\n","protected":false},"author":1,"featured_media":0,"comment_status":"open","ping_status":"closed","sticky":false,"template":"","format":"standard","meta":{"_bbp_topic_count":0,"_bbp_reply_count":0,"_bbp_total_topic_count":0,"_bbp_total_reply_count":0,"_bbp_voice_count":0,"_bbp_anonymous_reply_count":0,"_bbp_topic_count_hidden":0,"_bbp_reply_count_hidden":0,"_bbp_forum_subforum_count":0,"footnotes":""},"categories":[3,4],"tags":[],"class_list":["post-8414","post","type-post","status-publish","format-standard","hentry","category-ei3-ei4-ei5","category-portada"],"post_mailing_queue_ids":[],"_links":{"self":[{"href":"https:\/\/agora.xtec.cat\/escolamestralvilanova\/wp-json\/wp\/v2\/posts\/8414","targetHints":{"allow":["GET"]}}],"collection":[{"href":"https:\/\/agora.xtec.cat\/escolamestralvilanova\/wp-json\/wp\/v2\/posts"}],"about":[{"href":"https:\/\/agora.xtec.cat\/escolamestralvilanova\/wp-json\/wp\/v2\/types\/post"}],"author":[{"embeddable":true,"href":"https:\/\/agora.xtec.cat\/escolamestralvilanova\/wp-json\/wp\/v2\/users\/1"}],"replies":[{"embeddable":true,"href":"https:\/\/agora.xtec.cat\/escolamestralvilanova\/wp-json\/wp\/v2\/comments?post=8414"}],"version-history":[{"count":2,"href":"https:\/\/agora.xtec.cat\/escolamestralvilanova\/wp-json\/wp\/v2\/posts\/8414\/revisions"}],"predecessor-version":[{"id":8417,"href":"https:\/\/agora.xtec.cat\/escolamestralvilanova\/wp-json\/wp\/v2\/posts\/8414\/revisions\/8417"}],"wp:attachment":[{"href":"https:\/\/agora.xtec.cat\/escolamestralvilanova\/wp-json\/wp\/v2\/media?parent=8414"}],"wp:term":[{"taxonomy":"category","embeddable":true,"href":"https:\/\/agora.xtec.cat\/escolamestralvilanova\/wp-json\/wp\/v2\/categories?post=8414"},{"taxonomy":"post_tag","embeddable":true,"href":"https:\/\/agora.xtec.cat\/escolamestralvilanova\/wp-json\/wp\/v2\/tags?post=8414"}],"curies":[{"name":"wp","href":"https:\/\/api.w.org\/{rel}","templated":true}]}}