{"id":8404,"date":"2023-05-19T15:47:16","date_gmt":"2023-05-19T13:47:16","guid":{"rendered":"https:\/\/agora.xtec.cat\/escolamestralvilanova\/?p=8404"},"modified":"2023-05-19T15:47:16","modified_gmt":"2023-05-19T13:47:16","slug":"prego-jornades-de-convivencia","status":"publish","type":"post","link":"https:\/\/agora.xtec.cat\/escolamestralvilanova\/general\/prego-jornades-de-convivencia\/","title":{"rendered":"PREG\u00d3 JORNADES DE CONVIV\u00c8NCIA"},"content":{"rendered":"<p>L&#8217;alumnat de CM avui ha anat a l&#8217;ajuntament a realitzar el preg\u00f3 per recordar a les fam\u00edlies la jornada de conviv\u00e8ncia que es realitzar\u00e0 dem\u00e0 dia <strong>20 de maig<\/strong> a les <strong>9:00h<\/strong> per millorar espais de l&#8217;escola i escoleta.<\/p>\n<p>Aqu\u00ed teniu el preg\u00f3:<\/p>\n<div style=\"width: 100%; height: 480px; background-color: black; text-align: center;\"><video style=\"height: 100%;\" controls=\"controls\" width=\"300\" height=\"150\"><span data-mce-type=\"bookmark\" style=\"display: inline-block; width: 0px; overflow: hidden; line-height: 0;\" class=\"mce_SELRES_start\">\ufeff<\/span><source src=\"https:\/\/video-downloads.googleusercontent.com\/AM87qEpzmk42t4rzzFQP0kR5RtV870gtpz-qxYvx-Fvbj2YIXaLbgib9GmvgQnQWjcgrMMRK-9vmp1AQYgNfHRcp0J5C_MWY_KjB9SOQqAj7LFLGdNQ-z8ZUXRQHIUxj1DfQQC7ehumniB6OGYEMnE0aogSJsDjG0zbbSO8MltYtL-ZHMj8UmSg0ICRUy4d2QkpT-yga9Qqhr5m8K3efXCKcUOcsbtSYWju57EzvzMkBqACcVArfslZKbn6u4iN4sSOJ4xQWuJQuYEaveQBGJ__2htXPr3puR9vLegqS4Xq48JJvWajnQ37VZYH8Euo9f4be0s2Oq9ta2Phh_c_VatCapFSLm_VbGxl0U9T1fSbpjZpKN7gpAEyTOgAbgpWpisZ46-kijGJDrYfbADjKkwaM5xFcyRKL6yzII9q21UU4Dqau-CltaTc-e4Zs1cStWjJNq2xlf5XD3qAQJlC-q1iTCHkBU8W7GDrjR1fpsJGSTBVdPaLKRm4KWohMVV2v0tAU-AjlCG_p6wfROo7KzZtYdBcEva7Q7ZNlWvuUNP8TYg7vSVF3vs7L8nn1AjZ7BuTw2RhtKS1diu_8k58X84nyjXbNpL0AgxLuYkL82L8zsG9ZJMpKc_KbnhxsQijeisfBVnTZzjdH27CjL_b47aP2-EsWXimE0u8u7ilCWwIQdEgyGeMclGSCuZ9EsQEJEe_4W2ySM-YArAvemsgsL72EvPeuTN4ascZj0QShGuD1B4H_TTzcOoaeG7rr7u1wbdqfextIhYfmk8WZHdL8k5-l8LAeuDWtFT9XbBsfdvajhglE0xBgZVSNRKBmQ1z5yclYryaLXrwjZvslZlwJ9tVY4N50w7C1VOgrg2esx2oD1whc7dnYT8k9cMOweiqV3-Kgif2nCMfKIpcJv022lOTGlunlKpXsWhW4qOWM46yylu4a4rfDrw1nFtH1b5uPW-GA1vAts1SRxXH0meA4CFM-854B1b5ABvpv5_EDfvNnO73v92p0ovrLGZzWSjDKvg6DETkLnhKMgPC8ZbCKW4O6jexu_kgE7Q7nFH5BBt8tg_8z4y1dYRv6wcN6sck-vN3OVkh4L503sxqqJoOiWpoLCIQA4abW4zJkRp54OavCOcw0XqErdU09_iCwynrZTpchvQGvC0c6OY7kOWLQiWOc0zKx4f7LAEpZARETjKhr3PCzeAKB0h5M0rDTal6VozSKC7UY_Jtg1ZYlO4tBi7mLcXGTaHEGFw?authuser=1\" type=\"video\/mp4\" \/><span data-mce-type=\"bookmark\" style=\"display: inline-block; width: 0px; overflow: hidden; line-height: 0;\" class=\"mce_SELRES_end\">\ufeff<\/span><\/video><\/div>\n<p>&nbsp;<\/p>\n<p>Ens veiem dem\u00e0!<\/p>\n<p>Moltes gr\u00e0cies!<\/p>\n","protected":false},"excerpt":{"rendered":"<p>L&#8217;alumnat de CM avui ha anat a l&#8217;ajuntament a realitzar el preg\u00f3 per recordar a les fam\u00edlies la jornada de conviv\u00e8ncia que es realitzar\u00e0 dem\u00e0 dia 20 de maig a les 9:00h per millorar espais de l&#8217;escola i escoleta.<br \/>\nAqu\u00ed teniu el preg\u00f3:<br \/>\n\ufeff\ufeff<br \/>\n&nbsp;<br \/>\nEns veiem dem\u00e0!<br \/>\nMoltes gr\u00e0cies!<\/p>\n","protected":false},"author":1,"featured_media":0,"comment_status":"open","ping_status":"closed","sticky":false,"template":"","format":"standard","meta":{"_bbp_topic_count":0,"_bbp_reply_count":0,"_bbp_total_topic_count":0,"_bbp_total_reply_count":0,"_bbp_voice_count":0,"_bbp_anonymous_reply_count":0,"_bbp_topic_count_hidden":0,"_bbp_reply_count_hidden":0,"_bbp_forum_subforum_count":0,"footnotes":""},"categories":[1,4],"tags":[],"class_list":["post-8404","post","type-post","status-publish","format-standard","hentry","category-general","category-portada"],"post_mailing_queue_ids":[],"_links":{"self":[{"href":"https:\/\/agora.xtec.cat\/escolamestralvilanova\/wp-json\/wp\/v2\/posts\/8404","targetHints":{"allow":["GET"]}}],"collection":[{"href":"https:\/\/agora.xtec.cat\/escolamestralvilanova\/wp-json\/wp\/v2\/posts"}],"about":[{"href":"https:\/\/agora.xtec.cat\/escolamestralvilanova\/wp-json\/wp\/v2\/types\/post"}],"author":[{"embeddable":true,"href":"https:\/\/agora.xtec.cat\/escolamestralvilanova\/wp-json\/wp\/v2\/users\/1"}],"replies":[{"embeddable":true,"href":"https:\/\/agora.xtec.cat\/escolamestralvilanova\/wp-json\/wp\/v2\/comments?post=8404"}],"version-history":[{"count":3,"href":"https:\/\/agora.xtec.cat\/escolamestralvilanova\/wp-json\/wp\/v2\/posts\/8404\/revisions"}],"predecessor-version":[{"id":8407,"href":"https:\/\/agora.xtec.cat\/escolamestralvilanova\/wp-json\/wp\/v2\/posts\/8404\/revisions\/8407"}],"wp:attachment":[{"href":"https:\/\/agora.xtec.cat\/escolamestralvilanova\/wp-json\/wp\/v2\/media?parent=8404"}],"wp:term":[{"taxonomy":"category","embeddable":true,"href":"https:\/\/agora.xtec.cat\/escolamestralvilanova\/wp-json\/wp\/v2\/categories?post=8404"},{"taxonomy":"post_tag","embeddable":true,"href":"https:\/\/agora.xtec.cat\/escolamestralvilanova\/wp-json\/wp\/v2\/tags?post=8404"}],"curies":[{"name":"wp","href":"https:\/\/api.w.org\/{rel}","templated":true}]}}