{"id":8395,"date":"2023-05-17T16:47:17","date_gmt":"2023-05-17T14:47:17","guid":{"rendered":"https:\/\/agora.xtec.cat\/escolamestralvilanova\/?p=8395"},"modified":"2023-05-19T09:11:29","modified_gmt":"2023-05-19T07:11:29","slug":"jornada-de-convivencia-amb-les-families","status":"publish","type":"post","link":"https:\/\/agora.xtec.cat\/escolamestralvilanova\/general\/jornada-de-convivencia-amb-les-families\/","title":{"rendered":"JORNADA DE CONVIV\u00c8NCIA AMB LES FAM\u00cdLIES"},"content":{"rendered":"<p style=\"text-align: justify;\">Benvolgudes fam\u00edlies,<\/p>\n<p style=\"text-align: justify;\">Us informem que el proper <strong>dissabte 20 de maig<\/strong> a partir de les <strong>9 hores<\/strong> est\u00e0 previst la realitzaci\u00f3 d\u2019una jornada de conviv\u00e8ncia amb les fam\u00edlies.<\/p>\n<p style=\"text-align: justify;\">Durant aquesta jornada, de <strong>car\u00e0cter totalment voluntari<\/strong>, s\u2019ha considerat la necessitat de realitzar diferents actuacions per tal de millorar <span style=\"text-decoration: underline;\">l\u2019escola<\/span> i a <span style=\"text-decoration: underline;\">l&#8217;escoleta<\/span>:<\/p>\n<p style=\"text-align: justify;\"><em>Tornar a pintar els jocs del pati, pintar les rodes del pati, pintar la porta de la reixa, pintar el gronxador, netejar els patis i altres.<\/em><\/p>\n<p style=\"text-align: justify;\">Aix\u00ed, totes aquelles fam\u00edlies que estigueu interessades, us esperem el proper dissabte 20 de maig a les 9 hores al pati de l\u2019escola.<\/p>\n<p style=\"text-align: justify;\">Tamb\u00e9, a m\u00e9s a m\u00e9s de les actuacions previstes, l&#8217;AFA ens oferir\u00e0 esmorzar a tots.<\/p>\n<p style=\"text-align: justify;\">La vostra participaci\u00f3 \u00e9s molt important, entre tots i totes fem escola!<\/p>\n<p style=\"text-align: justify;\">Salutacions cordials<\/p>\n","protected":false},"excerpt":{"rendered":"<p>Benvolgudes fam\u00edlies,<br \/>\nUs informem que el proper dissabte 20 de maig a partir de les 9 hores est\u00e0 previst la realitzaci\u00f3 d\u2019una jornada de conviv\u00e8ncia amb les fam\u00edlies.<br \/>\nDurant aquesta jornada, de car\u00e0cter totalment voluntari, s\u2019ha considerat la necessitat de realitzar diferents actuacions per tal de millorar&hellip;  <a href=\"https:\/\/agora.xtec.cat\/escolamestralvilanova\/general\/jornada-de-convivencia-amb-les-families\/\" title=\"Read JORNADA DE CONVIV\u00c8NCIA AMB LES FAM\u00cdLIES\">Llegeix m\u00e9s\u00bb<\/a><\/p>\n","protected":false},"author":1,"featured_media":0,"comment_status":"open","ping_status":"closed","sticky":false,"template":"","format":"standard","meta":{"_bbp_topic_count":0,"_bbp_reply_count":0,"_bbp_total_topic_count":0,"_bbp_total_reply_count":0,"_bbp_voice_count":0,"_bbp_anonymous_reply_count":0,"_bbp_topic_count_hidden":0,"_bbp_reply_count_hidden":0,"_bbp_forum_subforum_count":0,"footnotes":""},"categories":[1,4],"tags":[],"class_list":["post-8395","post","type-post","status-publish","format-standard","hentry","category-general","category-portada"],"post_mailing_queue_ids":[],"_links":{"self":[{"href":"https:\/\/agora.xtec.cat\/escolamestralvilanova\/wp-json\/wp\/v2\/posts\/8395","targetHints":{"allow":["GET"]}}],"collection":[{"href":"https:\/\/agora.xtec.cat\/escolamestralvilanova\/wp-json\/wp\/v2\/posts"}],"about":[{"href":"https:\/\/agora.xtec.cat\/escolamestralvilanova\/wp-json\/wp\/v2\/types\/post"}],"author":[{"embeddable":true,"href":"https:\/\/agora.xtec.cat\/escolamestralvilanova\/wp-json\/wp\/v2\/users\/1"}],"replies":[{"embeddable":true,"href":"https:\/\/agora.xtec.cat\/escolamestralvilanova\/wp-json\/wp\/v2\/comments?post=8395"}],"version-history":[{"count":3,"href":"https:\/\/agora.xtec.cat\/escolamestralvilanova\/wp-json\/wp\/v2\/posts\/8395\/revisions"}],"predecessor-version":[{"id":8400,"href":"https:\/\/agora.xtec.cat\/escolamestralvilanova\/wp-json\/wp\/v2\/posts\/8395\/revisions\/8400"}],"wp:attachment":[{"href":"https:\/\/agora.xtec.cat\/escolamestralvilanova\/wp-json\/wp\/v2\/media?parent=8395"}],"wp:term":[{"taxonomy":"category","embeddable":true,"href":"https:\/\/agora.xtec.cat\/escolamestralvilanova\/wp-json\/wp\/v2\/categories?post=8395"},{"taxonomy":"post_tag","embeddable":true,"href":"https:\/\/agora.xtec.cat\/escolamestralvilanova\/wp-json\/wp\/v2\/tags?post=8395"}],"curies":[{"name":"wp","href":"https:\/\/api.w.org\/{rel}","templated":true}]}}