{"id":8392,"date":"2023-05-17T13:56:19","date_gmt":"2023-05-17T11:56:19","guid":{"rendered":"https:\/\/agora.xtec.cat\/escolamestralvilanova\/?p=8392"},"modified":"2023-05-17T13:56:19","modified_gmt":"2023-05-17T11:56:19","slug":"i4-i5-les-fases-de-la-lluna","status":"publish","type":"post","link":"https:\/\/agora.xtec.cat\/escolamestralvilanova\/infantil\/i4-i5-les-fases-de-la-lluna\/","title":{"rendered":"I4 I5 LES FASES DE LA LLUNA"},"content":{"rendered":"<p>&#8220;Qu\u00e8 s\u00f3n aquestes rodones del calendari?&#8221; Aix\u00ed vam comen\u00e7ar el nostre projecte sobre El planeta Terra i tot el que l&#8217;envolta.<\/p>\n<p>Avui hem realitzat diferents representacions per poder comprendre com canvia la nostra percepci\u00f3 de la lluna segons el lloc on la veiem.<\/p>\n<ul>\n<li><a href=\"https:\/\/photos.app.goo.gl\/aKw4YBHbRTUVoKGq5\">ENLLA\u00c7 A LES FOTOGRAFIES<\/a><\/li>\n<\/ul>\n<p><a href=\"https:\/\/photos.app.goo.gl\/aKw4YBHbRTUVoKGq5\"><img loading=\"lazy\" decoding=\"async\" class=\"alignnone size-medium wp-image-8393\" src=\"https:\/\/agora.xtec.cat\/escolamestralvilanova\/wp-content\/uploads\/usu729\/2023\/05\/lluna-300x228.jpg\" alt=\"\" width=\"300\" height=\"228\" srcset=\"https:\/\/agora.xtec.cat\/escolamestralvilanova\/wp-content\/uploads\/usu729\/2023\/05\/lluna-300x228.jpg 300w, https:\/\/agora.xtec.cat\/escolamestralvilanova\/wp-content\/uploads\/usu729\/2023\/05\/lluna-1024x778.jpg 1024w, https:\/\/agora.xtec.cat\/escolamestralvilanova\/wp-content\/uploads\/usu729\/2023\/05\/lluna-768x583.jpg 768w, https:\/\/agora.xtec.cat\/escolamestralvilanova\/wp-content\/uploads\/usu729\/2023\/05\/lluna-1536x1167.jpg 1536w, https:\/\/agora.xtec.cat\/escolamestralvilanova\/wp-content\/uploads\/usu729\/2023\/05\/lluna.jpg 1651w\" sizes=\"auto, (max-width: 300px) 100vw, 300px\" \/><\/a><\/p>\n","protected":false},"excerpt":{"rendered":"<p>&#8220;Qu\u00e8 s\u00f3n aquestes rodones del calendari?&#8221; Aix\u00ed vam comen\u00e7ar el nostre projecte sobre El planeta Terra i tot el que l&#8217;envolta.<br \/>\nAvui hem realitzat diferents representacions per poder comprendre com canvia la nostra percepci\u00f3 de la lluna segons el lloc on la veiem.<\/p>\n<ul>\n<li><a href=\"https:\/\/photos.app.goo.gl\/aKw4YBHbRTUVoKGq5\">ENLLA\u00c7 A LES&hellip;  <a href=\"https:\/\/agora.xtec.cat\/escolamestralvilanova\/infantil\/i4-i5-les-fases-de-la-lluna\/\" title=\"Read I4 I5 LES FASES DE LA LLUNA\">Llegeix m\u00e9s\u00bb<\/a><br \/>\n","protected":false},"author":1,"featured_media":0,"comment_status":"open","ping_status":"closed","sticky":false,"template":"","format":"standard","meta":{"_bbp_topic_count":0,"_bbp_reply_count":0,"_bbp_total_topic_count":0,"_bbp_total_reply_count":0,"_bbp_voice_count":0,"_bbp_anonymous_reply_count":0,"_bbp_topic_count_hidden":0,"_bbp_reply_count_hidden":0,"_bbp_forum_subforum_count":0,"footnotes":""},"categories":[3,2,4],"tags":[],"class_list":["post-8392","post","type-post","status-publish","format-standard","hentry","category-ei3-ei4-ei5","category-infantil","category-portada"],"post_mailing_queue_ids":[],"_links":{"self":[{"href":"https:\/\/agora.xtec.cat\/escolamestralvilanova\/wp-json\/wp\/v2\/posts\/8392","targetHints":{"allow":["GET"]}}],"collection":[{"href":"https:\/\/agora.xtec.cat\/escolamestralvilanova\/wp-json\/wp\/v2\/posts"}],"about":[{"href":"https:\/\/agora.xtec.cat\/escolamestralvilanova\/wp-json\/wp\/v2\/types\/post"}],"author":[{"embeddable":true,"href":"https:\/\/agora.xtec.cat\/escolamestralvilanova\/wp-json\/wp\/v2\/users\/1"}],"replies":[{"embeddable":true,"href":"https:\/\/agora.xtec.cat\/escolamestralvilanova\/wp-json\/wp\/v2\/comments?post=8392"}],"version-history":[{"count":1,"href":"https:\/\/agora.xtec.cat\/escolamestralvilanova\/wp-json\/wp\/v2\/posts\/8392\/revisions"}],"predecessor-version":[{"id":8394,"href":"https:\/\/agora.xtec.cat\/escolamestralvilanova\/wp-json\/wp\/v2\/posts\/8392\/revisions\/8394"}],"wp:attachment":[{"href":"https:\/\/agora.xtec.cat\/escolamestralvilanova\/wp-json\/wp\/v2\/media?parent=8392"}],"wp:term":[{"taxonomy":"category","embeddable":true,"href":"https:\/\/agora.xtec.cat\/escolamestralvilanova\/wp-json\/wp\/v2\/categories?post=8392"},{"taxonomy":"post_tag","embeddable":true,"href":"https:\/\/agora.xtec.cat\/escolamestralvilanova\/wp-json\/wp\/v2\/tags?post=8392"}],"curies":[{"name":"wp","href":"https:\/\/api.w.org\/{rel}","templated":true}]}}