{"id":8389,"date":"2023-05-15T11:54:35","date_gmt":"2023-05-15T09:54:35","guid":{"rendered":"https:\/\/agora.xtec.cat\/escolamestralvilanova\/?p=8389"},"modified":"2023-05-15T11:54:35","modified_gmt":"2023-05-15T09:54:35","slug":"el-protagonista-genis-a-lescoleta","status":"publish","type":"post","link":"https:\/\/agora.xtec.cat\/escolamestralvilanova\/infantil\/el-protagonista-genis-a-lescoleta\/","title":{"rendered":"EL PROTAGONISTA GEN\u00cdS A L&#8217;ESCOLETA!"},"content":{"rendered":"<p>Avui, la tieta i la cosina del Gen\u00eds (l&#8217;Olga i la Ivet) ens han portat una planta d&#8217;esp\u00edgol!<\/p>\n<p>Hem gaudit molt veient les arrels i regant-la.<\/p>\n<p>Tamb\u00e9, hem fet bossetes d&#8217;olor personalitzades!<\/p>\n<p>Moltes gr\u00e0cies, fam\u00edlia!<\/p>\n<ul>\n<li><a href=\"https:\/\/photos.app.goo.gl\/w1yHMiUHJMoLYDrG8\">ENLLA\u00c7 A LES FOTOGRAFIES<\/a><\/li>\n<\/ul>\n<p><a href=\"https:\/\/photos.app.goo.gl\/w1yHMiUHJMoLYDrG8\"><img loading=\"lazy\" decoding=\"async\" class=\"alignnone size-medium wp-image-8390\" src=\"https:\/\/agora.xtec.cat\/escolamestralvilanova\/wp-content\/uploads\/usu729\/2023\/05\/genis--300x148.jpg\" alt=\"\" width=\"300\" height=\"148\" srcset=\"https:\/\/agora.xtec.cat\/escolamestralvilanova\/wp-content\/uploads\/usu729\/2023\/05\/genis--300x148.jpg 300w, https:\/\/agora.xtec.cat\/escolamestralvilanova\/wp-content\/uploads\/usu729\/2023\/05\/genis--1024x506.jpg 1024w, https:\/\/agora.xtec.cat\/escolamestralvilanova\/wp-content\/uploads\/usu729\/2023\/05\/genis--768x379.jpg 768w, https:\/\/agora.xtec.cat\/escolamestralvilanova\/wp-content\/uploads\/usu729\/2023\/05\/genis--1536x759.jpg 1536w, https:\/\/agora.xtec.cat\/escolamestralvilanova\/wp-content\/uploads\/usu729\/2023\/05\/genis-.jpg 1826w\" sizes=\"auto, (max-width: 300px) 100vw, 300px\" \/><\/a><\/p>\n","protected":false},"excerpt":{"rendered":"<p>Avui, la tieta i la cosina del Gen\u00eds (l&#8217;Olga i la Ivet) ens han portat una planta d&#8217;esp\u00edgol!<br \/>\nHem gaudit molt veient les arrels i regant-la.<br \/>\nTamb\u00e9, hem fet bossetes d&#8217;olor personalitzades!<br \/>\nMoltes gr\u00e0cies, fam\u00edlia!<\/p>\n<ul>\n<li><a href=\"https:\/\/photos.app.goo.gl\/w1yHMiUHJMoLYDrG8\">ENLLA\u00c7 A LES FOTOGRAFIES<\/a><\/li>\n<\/ul>\n<p><a href=\"https:\/\/photos.app.goo.gl\/w1yHMiUHJMoLYDrG8\"><\/a><\/p>\n","protected":false},"author":1,"featured_media":0,"comment_status":"open","ping_status":"closed","sticky":false,"template":"","format":"standard","meta":{"_bbp_topic_count":0,"_bbp_reply_count":0,"_bbp_total_topic_count":0,"_bbp_total_reply_count":0,"_bbp_voice_count":0,"_bbp_anonymous_reply_count":0,"_bbp_topic_count_hidden":0,"_bbp_reply_count_hidden":0,"_bbp_forum_subforum_count":0,"footnotes":""},"categories":[59,2,4],"tags":[],"class_list":["post-8389","post","type-post","status-publish","format-standard","hentry","category-primer-cicle-ed-infantil","category-infantil","category-portada"],"post_mailing_queue_ids":[],"_links":{"self":[{"href":"https:\/\/agora.xtec.cat\/escolamestralvilanova\/wp-json\/wp\/v2\/posts\/8389","targetHints":{"allow":["GET"]}}],"collection":[{"href":"https:\/\/agora.xtec.cat\/escolamestralvilanova\/wp-json\/wp\/v2\/posts"}],"about":[{"href":"https:\/\/agora.xtec.cat\/escolamestralvilanova\/wp-json\/wp\/v2\/types\/post"}],"author":[{"embeddable":true,"href":"https:\/\/agora.xtec.cat\/escolamestralvilanova\/wp-json\/wp\/v2\/users\/1"}],"replies":[{"embeddable":true,"href":"https:\/\/agora.xtec.cat\/escolamestralvilanova\/wp-json\/wp\/v2\/comments?post=8389"}],"version-history":[{"count":1,"href":"https:\/\/agora.xtec.cat\/escolamestralvilanova\/wp-json\/wp\/v2\/posts\/8389\/revisions"}],"predecessor-version":[{"id":8391,"href":"https:\/\/agora.xtec.cat\/escolamestralvilanova\/wp-json\/wp\/v2\/posts\/8389\/revisions\/8391"}],"wp:attachment":[{"href":"https:\/\/agora.xtec.cat\/escolamestralvilanova\/wp-json\/wp\/v2\/media?parent=8389"}],"wp:term":[{"taxonomy":"category","embeddable":true,"href":"https:\/\/agora.xtec.cat\/escolamestralvilanova\/wp-json\/wp\/v2\/categories?post=8389"},{"taxonomy":"post_tag","embeddable":true,"href":"https:\/\/agora.xtec.cat\/escolamestralvilanova\/wp-json\/wp\/v2\/tags?post=8389"}],"curies":[{"name":"wp","href":"https:\/\/api.w.org\/{rel}","templated":true}]}}