{"id":8362,"date":"2023-05-05T09:11:36","date_gmt":"2023-05-05T07:11:36","guid":{"rendered":"https:\/\/agora.xtec.cat\/escolamestralvilanova\/?p=8362"},"modified":"2023-05-05T09:11:36","modified_gmt":"2023-05-05T07:11:36","slug":"nous-ambients-ei","status":"publish","type":"post","link":"https:\/\/agora.xtec.cat\/escolamestralvilanova\/infantil\/nous-ambients-ei\/","title":{"rendered":"NOUS AMBIENTS EI!"},"content":{"rendered":"<p style=\"text-align: justify;\">Hola fam\u00edlies,<br \/>\naquest tercer trimestre hem creat ambients nous per als infants d&#8217;Educaci\u00f3 Infantil. I s\u00f3n els seg\u00fcents:<\/p>\n<ul>\n<li style=\"text-align: justify;\"><strong>Ambient de llum:<\/strong> espai on es crea un ambient de laboratori de llum per a qu\u00e8 els infants interactuin i experimentin a trav\u00e9s dels sentits. Es preparen diferents propostes i els nens i les nenes poden anar canviant de material.<\/li>\n<li style=\"text-align: justify;\"><strong>Ambient de modelatge<\/strong>: descobrim materials moldejables. En la primera volta, hem treballat amb el fang. Es deixa una estona per experimentar lliurement i despr\u00e9s, es crea una figura o objecte amb una pr\u00e8via preparaci\u00f3 i disseny.<\/li>\n<li style=\"text-align: justify;\"><strong>Ambient de joc simb\u00f2lic<\/strong>: realitzem l&#8217;ofici del perruquer\/a. En un ambient preparat que simula una perruqueria, descobrim el material i quina \u00e9s la seva funci\u00f3 i utilitat. Es reparteixen els diferents rols que hi ha (perruquer\/a, client\/a, ajudant\/a, persones en la sala d&#8217;espera) i anem rotant aquests personatges i papers.<\/li>\n<\/ul>\n<p style=\"text-align: justify;\">La tarda d&#8217;ambients \u00e9s una estona on gaudim molt\u00edssim del joc i realitzem un aprenentatge real i conscient.<\/p>\n<p style=\"text-align: justify;\">Esperem que us agradin les propostes!<\/p>\n<ul>\n<li><a href=\"https:\/\/photos.app.goo.gl\/GFN1Kr63PuB8oAsHA\">ENLLA\u00c7 A LES FOTOGRAFIES<\/a><\/li>\n<\/ul>\n<p><a href=\"https:\/\/photos.app.goo.gl\/GFN1Kr63PuB8oAsHA\"><img loading=\"lazy\" decoding=\"async\" class=\"alignnone size-medium wp-image-8363\" src=\"https:\/\/agora.xtec.cat\/escolamestralvilanova\/wp-content\/uploads\/usu729\/2023\/05\/ambients-ei-300x223.jpg\" alt=\"\" width=\"300\" height=\"223\" srcset=\"https:\/\/agora.xtec.cat\/escolamestralvilanova\/wp-content\/uploads\/usu729\/2023\/05\/ambients-ei-300x223.jpg 300w, https:\/\/agora.xtec.cat\/escolamestralvilanova\/wp-content\/uploads\/usu729\/2023\/05\/ambients-ei-1024x761.jpg 1024w, https:\/\/agora.xtec.cat\/escolamestralvilanova\/wp-content\/uploads\/usu729\/2023\/05\/ambients-ei-768x571.jpg 768w, https:\/\/agora.xtec.cat\/escolamestralvilanova\/wp-content\/uploads\/usu729\/2023\/05\/ambients-ei-1536x1142.jpg 1536w, https:\/\/agora.xtec.cat\/escolamestralvilanova\/wp-content\/uploads\/usu729\/2023\/05\/ambients-ei-200x150.jpg 200w, https:\/\/agora.xtec.cat\/escolamestralvilanova\/wp-content\/uploads\/usu729\/2023\/05\/ambients-ei.jpg 2033w\" sizes=\"auto, (max-width: 300px) 100vw, 300px\" \/><\/a><\/p>\n","protected":false},"excerpt":{"rendered":"<p>Hola fam\u00edlies,<br \/>\naquest tercer trimestre hem creat ambients nous per als infants d&#8217;Educaci\u00f3 Infantil. I s\u00f3n els seg\u00fcents:<\/p>\n<ul>\n<li style=\"text-align: justify;\">Ambient de llum: espai on es crea un ambient de laboratori de llum per a qu\u00e8 els infants interactuin i experimentin a trav\u00e9s dels sentits. Es preparen&hellip;  <a href=\"https:\/\/agora.xtec.cat\/escolamestralvilanova\/infantil\/nous-ambients-ei\/\" title=\"Read NOUS AMBIENTS EI!\">Llegeix m\u00e9s\u00bb<\/a><br \/>\n","protected":false},"author":1,"featured_media":0,"comment_status":"open","ping_status":"closed","sticky":false,"template":"","format":"standard","meta":{"_bbp_topic_count":0,"_bbp_reply_count":0,"_bbp_total_topic_count":0,"_bbp_total_reply_count":0,"_bbp_voice_count":0,"_bbp_anonymous_reply_count":0,"_bbp_topic_count_hidden":0,"_bbp_reply_count_hidden":0,"_bbp_forum_subforum_count":0,"footnotes":""},"categories":[3,2,4],"tags":[],"class_list":["post-8362","post","type-post","status-publish","format-standard","hentry","category-ei3-ei4-ei5","category-infantil","category-portada"],"post_mailing_queue_ids":[],"_links":{"self":[{"href":"https:\/\/agora.xtec.cat\/escolamestralvilanova\/wp-json\/wp\/v2\/posts\/8362","targetHints":{"allow":["GET"]}}],"collection":[{"href":"https:\/\/agora.xtec.cat\/escolamestralvilanova\/wp-json\/wp\/v2\/posts"}],"about":[{"href":"https:\/\/agora.xtec.cat\/escolamestralvilanova\/wp-json\/wp\/v2\/types\/post"}],"author":[{"embeddable":true,"href":"https:\/\/agora.xtec.cat\/escolamestralvilanova\/wp-json\/wp\/v2\/users\/1"}],"replies":[{"embeddable":true,"href":"https:\/\/agora.xtec.cat\/escolamestralvilanova\/wp-json\/wp\/v2\/comments?post=8362"}],"version-history":[{"count":1,"href":"https:\/\/agora.xtec.cat\/escolamestralvilanova\/wp-json\/wp\/v2\/posts\/8362\/revisions"}],"predecessor-version":[{"id":8364,"href":"https:\/\/agora.xtec.cat\/escolamestralvilanova\/wp-json\/wp\/v2\/posts\/8362\/revisions\/8364"}],"wp:attachment":[{"href":"https:\/\/agora.xtec.cat\/escolamestralvilanova\/wp-json\/wp\/v2\/media?parent=8362"}],"wp:term":[{"taxonomy":"category","embeddable":true,"href":"https:\/\/agora.xtec.cat\/escolamestralvilanova\/wp-json\/wp\/v2\/categories?post=8362"},{"taxonomy":"post_tag","embeddable":true,"href":"https:\/\/agora.xtec.cat\/escolamestralvilanova\/wp-json\/wp\/v2\/tags?post=8362"}],"curies":[{"name":"wp","href":"https:\/\/api.w.org\/{rel}","templated":true}]}}