{"id":8327,"date":"2023-04-24T12:23:37","date_gmt":"2023-04-24T10:23:37","guid":{"rendered":"https:\/\/agora.xtec.cat\/escolamestralvilanova\/?p=8327"},"modified":"2023-04-24T12:23:37","modified_gmt":"2023-04-24T10:23:37","slug":"xerrada-sobre-els-canvis-en-el-cos","status":"publish","type":"post","link":"https:\/\/agora.xtec.cat\/escolamestralvilanova\/portada\/xerrada-sobre-els-canvis-en-el-cos\/","title":{"rendered":"XERRADA SOBRE ELS CANVIS EN EL COS"},"content":{"rendered":"<p>L&#8217;alumnat de CS ha participat en una pon\u00e8ncia sobre els canvis del cos durant l&#8217;adolesc\u00e8ncia al Centre d&#8217;Atenci\u00f3 Prim\u00e0ria de Vilanova de la Barca.<\/p>\n<p>Tamb\u00e9 ens han ensenyat les noves instal\u00b7lacions i com funcionen alguns dels aparells i estris que utilitzen els infermers\/es i doctors\/es!<\/p>\n<p>Aquestes xerrades permeten a l&#8217;alumnat posar nom a tot all\u00f2 que els passa o passar\u00e0 durant aquesta etapa de les seves vides.<\/p>\n<p>Ho hem trobat d&#8217;all\u00f2 m\u00e9s \u00fatil!<\/p>\n<ul>\n<li><a href=\"https:\/\/photos.app.goo.gl\/sNURx8XAjFFjkHiv5\">ENLLA\u00c7 A LES FOTOGRAFIES<\/a><\/li>\n<\/ul>\n<p><a href=\"https:\/\/photos.app.goo.gl\/sNURx8XAjFFjkHiv5\"><img loading=\"lazy\" decoding=\"async\" class=\"alignnone size-medium wp-image-8329\" src=\"https:\/\/agora.xtec.cat\/escolamestralvilanova\/wp-content\/uploads\/usu729\/2023\/04\/xerrada-CAP-300x227.jpg\" alt=\"\" width=\"300\" height=\"227\" srcset=\"https:\/\/agora.xtec.cat\/escolamestralvilanova\/wp-content\/uploads\/usu729\/2023\/04\/xerrada-CAP-300x227.jpg 300w, https:\/\/agora.xtec.cat\/escolamestralvilanova\/wp-content\/uploads\/usu729\/2023\/04\/xerrada-CAP-1024x775.jpg 1024w, https:\/\/agora.xtec.cat\/escolamestralvilanova\/wp-content\/uploads\/usu729\/2023\/04\/xerrada-CAP-768x581.jpg 768w, https:\/\/agora.xtec.cat\/escolamestralvilanova\/wp-content\/uploads\/usu729\/2023\/04\/xerrada-CAP-1536x1163.jpg 1536w, https:\/\/agora.xtec.cat\/escolamestralvilanova\/wp-content\/uploads\/usu729\/2023\/04\/xerrada-CAP-200x150.jpg 200w, https:\/\/agora.xtec.cat\/escolamestralvilanova\/wp-content\/uploads\/usu729\/2023\/04\/xerrada-CAP.jpg 2008w\" sizes=\"auto, (max-width: 300px) 100vw, 300px\" \/><\/a><\/p>\n<p>&nbsp;<\/p>\n<p>&nbsp;<\/p>\n<p>&nbsp;<\/p>\n","protected":false},"excerpt":{"rendered":"<p>L&#8217;alumnat de CS ha participat en una pon\u00e8ncia sobre els canvis del cos durant l&#8217;adolesc\u00e8ncia al Centre d&#8217;Atenci\u00f3 Prim\u00e0ria de Vilanova de la Barca.<br \/>\nTamb\u00e9 ens han ensenyat les noves instal\u00b7lacions i com funcionen alguns dels aparells i estris que utilitzen els infermers\/es i doctors\/es!<br \/>\nAquestes xerrades&hellip;  <a href=\"https:\/\/agora.xtec.cat\/escolamestralvilanova\/portada\/xerrada-sobre-els-canvis-en-el-cos\/\" title=\"Read XERRADA SOBRE ELS CANVIS EN EL COS\">Llegeix m\u00e9s\u00bb<\/a><\/p>\n","protected":false},"author":1,"featured_media":0,"comment_status":"open","ping_status":"closed","sticky":false,"template":"","format":"standard","meta":{"_bbp_topic_count":0,"_bbp_reply_count":0,"_bbp_total_topic_count":0,"_bbp_total_reply_count":0,"_bbp_voice_count":0,"_bbp_anonymous_reply_count":0,"_bbp_topic_count_hidden":0,"_bbp_reply_count_hidden":0,"_bbp_forum_subforum_count":0,"footnotes":""},"categories":[15,4,5],"tags":[],"class_list":["post-8327","post","type-post","status-publish","format-standard","hentry","category-cicle-superior","category-portada","category-primaria"],"post_mailing_queue_ids":[],"_links":{"self":[{"href":"https:\/\/agora.xtec.cat\/escolamestralvilanova\/wp-json\/wp\/v2\/posts\/8327","targetHints":{"allow":["GET"]}}],"collection":[{"href":"https:\/\/agora.xtec.cat\/escolamestralvilanova\/wp-json\/wp\/v2\/posts"}],"about":[{"href":"https:\/\/agora.xtec.cat\/escolamestralvilanova\/wp-json\/wp\/v2\/types\/post"}],"author":[{"embeddable":true,"href":"https:\/\/agora.xtec.cat\/escolamestralvilanova\/wp-json\/wp\/v2\/users\/1"}],"replies":[{"embeddable":true,"href":"https:\/\/agora.xtec.cat\/escolamestralvilanova\/wp-json\/wp\/v2\/comments?post=8327"}],"version-history":[{"count":2,"href":"https:\/\/agora.xtec.cat\/escolamestralvilanova\/wp-json\/wp\/v2\/posts\/8327\/revisions"}],"predecessor-version":[{"id":8330,"href":"https:\/\/agora.xtec.cat\/escolamestralvilanova\/wp-json\/wp\/v2\/posts\/8327\/revisions\/8330"}],"wp:attachment":[{"href":"https:\/\/agora.xtec.cat\/escolamestralvilanova\/wp-json\/wp\/v2\/media?parent=8327"}],"wp:term":[{"taxonomy":"category","embeddable":true,"href":"https:\/\/agora.xtec.cat\/escolamestralvilanova\/wp-json\/wp\/v2\/categories?post=8327"},{"taxonomy":"post_tag","embeddable":true,"href":"https:\/\/agora.xtec.cat\/escolamestralvilanova\/wp-json\/wp\/v2\/tags?post=8327"}],"curies":[{"name":"wp","href":"https:\/\/api.w.org\/{rel}","templated":true}]}}