{"id":8319,"date":"2023-04-21T17:04:09","date_gmt":"2023-04-21T15:04:09","guid":{"rendered":"https:\/\/agora.xtec.cat\/escolamestralvilanova\/?p=8319"},"modified":"2023-04-21T17:04:09","modified_gmt":"2023-04-21T15:04:09","slug":"sant-jordi-2023-contam-un-conte-i-mercat-de-primavera","status":"publish","type":"post","link":"https:\/\/agora.xtec.cat\/escolamestralvilanova\/general\/sant-jordi-2023-contam-un-conte-i-mercat-de-primavera\/","title":{"rendered":"SANT JORDI 2023: CONTA&#8217;M UN CONTE I MERCAT DE PRIMAVERA!"},"content":{"rendered":"<p>Hola fam\u00edlies!<\/p>\n<p>Al llarg del dia hem anat realitzant diferents activitats per celebrar Sant Jordi.<\/p>\n<p>Al mat\u00ed a l&#8217;Escoleta i durant la tarda l&#8217;alumnat d&#8217;EI i CI, han rebut la visita de diferents fam\u00edlies les quals han explicat contes!<\/p>\n<p>A la tarda els i les alumnes de CS han organitzat el mercat de primavera on han venut els posa-gots i altres productes de mercats anteriors.<\/p>\n<p>Us adjuntem enlla\u00e7os de les diferents activitats. Moltes gr\u00e0cies per la vostra participaci\u00f3 i BONA DIADA de SANT JORDI!<\/p>\n<ul>\n<li><a href=\"https:\/\/photos.app.goo.gl\/3NkZjSZhw7qxwHiP6\">ENLLA\u00c7 A LES FOTOGRAFIES CONTA&#8217;M UN CONTE 2023<\/a><\/li>\n<li><a href=\"https:\/\/photos.app.goo.gl\/S7hNATJZy8WQc8VG8\">ENLLA\u00c7 A LES FOTOGRAFIES MERCAT DE PRIMAVERA 2023 <\/a><\/li>\n<\/ul>\n<p><img loading=\"lazy\" decoding=\"async\" class=\"alignnone size-medium wp-image-8321\" src=\"https:\/\/agora.xtec.cat\/escolamestralvilanova\/wp-content\/uploads\/usu729\/2023\/04\/mercat-primavera-226x300.jpg\" alt=\"\" width=\"226\" height=\"300\" srcset=\"https:\/\/agora.xtec.cat\/escolamestralvilanova\/wp-content\/uploads\/usu729\/2023\/04\/mercat-primavera-226x300.jpg 226w, https:\/\/agora.xtec.cat\/escolamestralvilanova\/wp-content\/uploads\/usu729\/2023\/04\/mercat-primavera.jpg 681w\" sizes=\"auto, (max-width: 226px) 100vw, 226px\" \/><\/p>\n","protected":false},"excerpt":{"rendered":"<p>Hola fam\u00edlies!<br \/>\nAl llarg del dia hem anat realitzant diferents activitats per celebrar Sant Jordi.<br \/>\nAl mat\u00ed a l&#8217;Escoleta i durant la tarda l&#8217;alumnat d&#8217;EI i CI, han rebut la visita de diferents fam\u00edlies les quals han explicat contes!<br \/>\nA la tarda els i les alumnes de CS&hellip;  <a href=\"https:\/\/agora.xtec.cat\/escolamestralvilanova\/general\/sant-jordi-2023-contam-un-conte-i-mercat-de-primavera\/\" title=\"Read SANT JORDI 2023: CONTA&#8217;M UN CONTE I MERCAT DE PRIMAVERA!\">Llegeix m\u00e9s\u00bb<\/a><\/p>\n","protected":false},"author":1,"featured_media":0,"comment_status":"open","ping_status":"closed","sticky":false,"template":"","format":"standard","meta":{"_bbp_topic_count":0,"_bbp_reply_count":0,"_bbp_total_topic_count":0,"_bbp_total_reply_count":0,"_bbp_voice_count":0,"_bbp_anonymous_reply_count":0,"_bbp_topic_count_hidden":0,"_bbp_reply_count_hidden":0,"_bbp_forum_subforum_count":0,"footnotes":""},"categories":[1,2,4,5],"tags":[],"class_list":["post-8319","post","type-post","status-publish","format-standard","hentry","category-general","category-infantil","category-portada","category-primaria"],"post_mailing_queue_ids":[],"_links":{"self":[{"href":"https:\/\/agora.xtec.cat\/escolamestralvilanova\/wp-json\/wp\/v2\/posts\/8319","targetHints":{"allow":["GET"]}}],"collection":[{"href":"https:\/\/agora.xtec.cat\/escolamestralvilanova\/wp-json\/wp\/v2\/posts"}],"about":[{"href":"https:\/\/agora.xtec.cat\/escolamestralvilanova\/wp-json\/wp\/v2\/types\/post"}],"author":[{"embeddable":true,"href":"https:\/\/agora.xtec.cat\/escolamestralvilanova\/wp-json\/wp\/v2\/users\/1"}],"replies":[{"embeddable":true,"href":"https:\/\/agora.xtec.cat\/escolamestralvilanova\/wp-json\/wp\/v2\/comments?post=8319"}],"version-history":[{"count":1,"href":"https:\/\/agora.xtec.cat\/escolamestralvilanova\/wp-json\/wp\/v2\/posts\/8319\/revisions"}],"predecessor-version":[{"id":8322,"href":"https:\/\/agora.xtec.cat\/escolamestralvilanova\/wp-json\/wp\/v2\/posts\/8319\/revisions\/8322"}],"wp:attachment":[{"href":"https:\/\/agora.xtec.cat\/escolamestralvilanova\/wp-json\/wp\/v2\/media?parent=8319"}],"wp:term":[{"taxonomy":"category","embeddable":true,"href":"https:\/\/agora.xtec.cat\/escolamestralvilanova\/wp-json\/wp\/v2\/categories?post=8319"},{"taxonomy":"post_tag","embeddable":true,"href":"https:\/\/agora.xtec.cat\/escolamestralvilanova\/wp-json\/wp\/v2\/tags?post=8319"}],"curies":[{"name":"wp","href":"https:\/\/api.w.org\/{rel}","templated":true}]}}