{"id":8305,"date":"2023-04-20T17:09:02","date_gmt":"2023-04-20T15:09:02","guid":{"rendered":"https:\/\/agora.xtec.cat\/escolamestralvilanova\/?p=8305"},"modified":"2023-04-20T17:11:37","modified_gmt":"2023-04-20T15:11:37","slug":"sant-jordi-2023","status":"publish","type":"post","link":"https:\/\/agora.xtec.cat\/escolamestralvilanova\/infantil\/sant-jordi-2023\/","title":{"rendered":"SANT JORDI 2023"},"content":{"rendered":"<p style=\"text-align: justify;\">\u200b\u200b<span style=\"font-family: inherit; font-size: 1em;\">S&#8217;acosta Sant Jordi i ens fa molta il\u00b7lusi\u00f3 compartir amb vosaltres la planificaci\u00f3 de les activitats que tenim preparades per dem\u00e0, <\/span><strong style=\"font-family: inherit; font-size: 1em;\">divendres 21 d\u2019abril.<\/strong><\/p>\n<ul style=\"text-align: justify;\">\n<li><strong>\u201cConta\u2019m un conte\u201d:<\/strong><\/li>\n<\/ul>\n<p style=\"text-align: justify;\">Com ja sabeu&#8230;, ens agraden molt els contes! Per aix\u00f2, durant la jornada de dem\u00e0, fam\u00edlies volunt\u00e0ries, aprenents de l\u2019escola i mestres ens explicaran contes als diferents grups de l\u2019escola.<\/p>\n<ul style=\"text-align: justify;\">\n<li><strong>Mercat de Primavera<\/strong><\/li>\n<\/ul>\n<p style=\"text-align: justify;\">Arribada la Primavera, \u00e9s el moment de preparar una nova edici\u00f3 del mercat de l\u2019escola, \u00e9s per aquest motiu que al llarg de les darreres setmanes tots els i les alumnes hem estat confeccionat un producte per ser venut.<\/p>\n<p style=\"text-align: justify;\"><strong>Aix\u00ed, dem\u00e0 divendres 21, a partir de les 16 hores, es posaran a la venta posa gots originals a un preu de 2\u20ac.<\/strong><\/p>\n<p style=\"text-align: justify;\">La recaptaci\u00f3 es destinar\u00e0 a la subvenci\u00f3\u00a0d&#8217;activitats pedag\u00f2giques que es realitzin al llarg\u00a0del\u00a0curs.<\/p>\n<p style=\"text-align: justify;\"><strong>A la p\u00e0gina web de l&#8217;escola trobareu penjat el v\u00eddeo del preg\u00f3 que han fet els alumnes de CM.<\/strong><\/p>\n<ul style=\"text-align: justify;\">\n<li>\u200b<strong>La Reviscola:<\/strong><\/li>\n<\/ul>\n<p style=\"text-align: justify;\">A partir del projecte d&#8217;escola EMOCIONA\u2019T hem elaborat una nova edici\u00f3 de la Reviscola. Una revista digital on cada aula ha exposat una petita mostra del treball que hem fet. Durant el dia de dem\u00e0 rebreu l\u2019enlla\u00e7 d\u2019un nou exemplar de la 3\u00aa edici\u00f3 de la Reviscola.<\/p>\n<ul style=\"text-align: justify;\">\n<li><strong>Jocs Florals:<\/strong><\/li>\n<\/ul>\n<p style=\"text-align: justify;\">Al llarg de la darrera setmana, per tal d\u2019incentivar l\u2019escriptura creativa, els alumnes de Cicle Mitj\u00e0 i Cicle Superior han realitzat una nova edici\u00f3 dels Jocs Florals tot deixant c\u00f3rrer la seva imaginaci\u00f3 i escrivint hist\u00f2ries d\u2019all\u00f2 m\u00e9s boniques.<\/p>\n<p style=\"text-align: justify;\"><a href=\"https:\/\/agora.xtec.cat\/escolamestralvilanova\/wp-content\/uploads\/usu729\/2023\/04\/Cartell-St.Jordi1_.png\"><img loading=\"lazy\" decoding=\"async\" class=\"alignnone wp-image-8306 size-medium\" src=\"https:\/\/agora.xtec.cat\/escolamestralvilanova\/wp-content\/uploads\/usu729\/2023\/04\/Cartell-St.Jordi1_-169x300.png\" alt=\"\" width=\"169\" height=\"300\" srcset=\"https:\/\/agora.xtec.cat\/escolamestralvilanova\/wp-content\/uploads\/usu729\/2023\/04\/Cartell-St.Jordi1_-169x300.png 169w, https:\/\/agora.xtec.cat\/escolamestralvilanova\/wp-content\/uploads\/usu729\/2023\/04\/Cartell-St.Jordi1_-576x1024.png 576w, https:\/\/agora.xtec.cat\/escolamestralvilanova\/wp-content\/uploads\/usu729\/2023\/04\/Cartell-St.Jordi1_-768x1365.png 768w, https:\/\/agora.xtec.cat\/escolamestralvilanova\/wp-content\/uploads\/usu729\/2023\/04\/Cartell-St.Jordi1_-864x1536.png 864w, https:\/\/agora.xtec.cat\/escolamestralvilanova\/wp-content\/uploads\/usu729\/2023\/04\/Cartell-St.Jordi1_.png 1080w\" sizes=\"auto, (max-width: 169px) 100vw, 169px\" \/><\/a> <a href=\"https:\/\/agora.xtec.cat\/escolamestralvilanova\/wp-content\/uploads\/usu729\/2023\/04\/Cartell-St.Jordi2_.png\"><img loading=\"lazy\" decoding=\"async\" class=\"alignnone wp-image-8307 size-medium\" src=\"https:\/\/agora.xtec.cat\/escolamestralvilanova\/wp-content\/uploads\/usu729\/2023\/04\/Cartell-St.Jordi2_-169x300.png\" alt=\"\" width=\"169\" height=\"300\" srcset=\"https:\/\/agora.xtec.cat\/escolamestralvilanova\/wp-content\/uploads\/usu729\/2023\/04\/Cartell-St.Jordi2_-169x300.png 169w, https:\/\/agora.xtec.cat\/escolamestralvilanova\/wp-content\/uploads\/usu729\/2023\/04\/Cartell-St.Jordi2_-576x1024.png 576w, https:\/\/agora.xtec.cat\/escolamestralvilanova\/wp-content\/uploads\/usu729\/2023\/04\/Cartell-St.Jordi2_-768x1365.png 768w, https:\/\/agora.xtec.cat\/escolamestralvilanova\/wp-content\/uploads\/usu729\/2023\/04\/Cartell-St.Jordi2_-864x1536.png 864w, https:\/\/agora.xtec.cat\/escolamestralvilanova\/wp-content\/uploads\/usu729\/2023\/04\/Cartell-St.Jordi2_.png 1080w\" sizes=\"auto, (max-width: 169px) 100vw, 169px\" \/><\/a><\/p>\n<p>\u200b\u200bEns agrada llegir, ens agrada Sant Jordi!<\/p>\n","protected":false},"excerpt":{"rendered":"<p>\u200b\u200bS&#8217;acosta Sant Jordi i ens fa molta il\u00b7lusi\u00f3 compartir amb vosaltres la planificaci\u00f3 de les activitats que tenim preparades per dem\u00e0, divendres 21 d\u2019abril.<\/p>\n<ul style=\"text-align: justify;\">\n<li>\u201cConta\u2019m un conte\u201d:<\/li>\n<\/ul>\n<p>Com ja sabeu&#8230;, ens agraden molt els contes! Per aix\u00f2, durant la jornada de dem\u00e0, fam\u00edlies volunt\u00e0ries, aprenents&hellip;  <a href=\"https:\/\/agora.xtec.cat\/escolamestralvilanova\/infantil\/sant-jordi-2023\/\" title=\"Read SANT JORDI 2023\">Llegeix m\u00e9s\u00bb<\/a><\/p>\n","protected":false},"author":1,"featured_media":0,"comment_status":"open","ping_status":"closed","sticky":false,"template":"","format":"standard","meta":{"_bbp_topic_count":0,"_bbp_reply_count":0,"_bbp_total_topic_count":0,"_bbp_total_reply_count":0,"_bbp_voice_count":0,"_bbp_anonymous_reply_count":0,"_bbp_topic_count_hidden":0,"_bbp_reply_count_hidden":0,"_bbp_forum_subforum_count":0,"footnotes":""},"categories":[11,12,15,3,14,2,4,5],"tags":[],"class_list":["post-8305","post","type-post","status-publish","format-standard","hentry","category-cicle-inicial","category-tercer-quart","category-cicle-superior","category-ei3-ei4-ei5","category-ei1-ei2","category-infantil","category-portada","category-primaria"],"post_mailing_queue_ids":[],"_links":{"self":[{"href":"https:\/\/agora.xtec.cat\/escolamestralvilanova\/wp-json\/wp\/v2\/posts\/8305","targetHints":{"allow":["GET"]}}],"collection":[{"href":"https:\/\/agora.xtec.cat\/escolamestralvilanova\/wp-json\/wp\/v2\/posts"}],"about":[{"href":"https:\/\/agora.xtec.cat\/escolamestralvilanova\/wp-json\/wp\/v2\/types\/post"}],"author":[{"embeddable":true,"href":"https:\/\/agora.xtec.cat\/escolamestralvilanova\/wp-json\/wp\/v2\/users\/1"}],"replies":[{"embeddable":true,"href":"https:\/\/agora.xtec.cat\/escolamestralvilanova\/wp-json\/wp\/v2\/comments?post=8305"}],"version-history":[{"count":3,"href":"https:\/\/agora.xtec.cat\/escolamestralvilanova\/wp-json\/wp\/v2\/posts\/8305\/revisions"}],"predecessor-version":[{"id":8310,"href":"https:\/\/agora.xtec.cat\/escolamestralvilanova\/wp-json\/wp\/v2\/posts\/8305\/revisions\/8310"}],"wp:attachment":[{"href":"https:\/\/agora.xtec.cat\/escolamestralvilanova\/wp-json\/wp\/v2\/media?parent=8305"}],"wp:term":[{"taxonomy":"category","embeddable":true,"href":"https:\/\/agora.xtec.cat\/escolamestralvilanova\/wp-json\/wp\/v2\/categories?post=8305"},{"taxonomy":"post_tag","embeddable":true,"href":"https:\/\/agora.xtec.cat\/escolamestralvilanova\/wp-json\/wp\/v2\/tags?post=8305"}],"curies":[{"name":"wp","href":"https:\/\/api.w.org\/{rel}","templated":true}]}}