{"id":8294,"date":"2023-04-20T14:12:55","date_gmt":"2023-04-20T12:12:55","guid":{"rendered":"https:\/\/agora.xtec.cat\/escolamestralvilanova\/?p=8294"},"modified":"2023-04-20T17:01:34","modified_gmt":"2023-04-20T15:01:34","slug":"prego-mercat-de-primavera","status":"publish","type":"post","link":"https:\/\/agora.xtec.cat\/escolamestralvilanova\/general\/prego-mercat-de-primavera\/","title":{"rendered":"PREG\u00d3 MERCAT DE PRIMAVERA"},"content":{"rendered":"<p style=\"text-align: justify;\">Arribada la Primavera, \u00e9s el moment de preparar una nova edici\u00f3 del mercat de l\u2019escola, \u00e9s per aquest motiu que al llarg de les darreres setmanes tots els i les alumnes hem estat confeccionat un producte per ser venut.<\/p>\n<p style=\"text-align: justify;\"><strong>Aix\u00ed, dem\u00e0 divendres 21, a partir de les 16 hores, es posaran a la venta posa gots originals a un preu de 2\u20ac<\/strong>.<\/p>\n<p style=\"text-align: justify;\">La recaptaci\u00f3 es destinar\u00e0 a la subvenci\u00f3\u00a0d&#8217;activitats pedag\u00f2giques que es realitzin al llarg\u00a0del\u00a0curs.<\/p>\n<p><a href=\"https:\/\/agora.xtec.cat\/escolamestralvilanova\/wp-content\/uploads\/usu729\/2023\/04\/Cartell-Mercat.png\"><img loading=\"lazy\" decoding=\"async\" class=\"alignnone wp-image-8302 size-medium\" src=\"https:\/\/agora.xtec.cat\/escolamestralvilanova\/wp-content\/uploads\/usu729\/2023\/04\/Cartell-Mercat-212x300.png\" alt=\"\" width=\"212\" height=\"300\" srcset=\"https:\/\/agora.xtec.cat\/escolamestralvilanova\/wp-content\/uploads\/usu729\/2023\/04\/Cartell-Mercat-212x300.png 212w, https:\/\/agora.xtec.cat\/escolamestralvilanova\/wp-content\/uploads\/usu729\/2023\/04\/Cartell-Mercat.png 317w\" sizes=\"auto, (max-width: 212px) 100vw, 212px\" \/><\/a><\/p>\n<p>Moltes gr\u00e0cies i esperem que us agradin!<\/p>\n<p>Us compartim el preg\u00f3 on els alumnes de Cicle Mitj\u00e0 han comunicat a tot el poble:<\/p>\n<ul>\n<li><a href=\"https:\/\/drive.google.com\/file\/d\/1PTgs2kBMXGhRVIDtjtjlZf_lawaLoKZk\/view?usp=sharing\">ACC\u00c8S AL PREG\u00d3<\/a><\/li>\n<\/ul>\n<p><a href=\"https:\/\/drive.google.com\/file\/d\/1PTgs2kBMXGhRVIDtjtjlZf_lawaLoKZk\/view?usp=sharing\"><img loading=\"lazy\" decoding=\"async\" class=\"alignnone wp-image-8300\" src=\"https:\/\/agora.xtec.cat\/escolamestralvilanova\/wp-content\/uploads\/usu729\/2023\/04\/prego-300x170.png\" alt=\"\" width=\"346\" height=\"196\" srcset=\"https:\/\/agora.xtec.cat\/escolamestralvilanova\/wp-content\/uploads\/usu729\/2023\/04\/prego-300x170.png 300w, https:\/\/agora.xtec.cat\/escolamestralvilanova\/wp-content\/uploads\/usu729\/2023\/04\/prego-768x435.png 768w, https:\/\/agora.xtec.cat\/escolamestralvilanova\/wp-content\/uploads\/usu729\/2023\/04\/prego.png 772w\" sizes=\"auto, (max-width: 346px) 100vw, 346px\" \/><\/a><\/p>\n<p>&nbsp;<\/p>\n","protected":false},"excerpt":{"rendered":"<p>Arribada la Primavera, \u00e9s el moment de preparar una nova edici\u00f3 del mercat de l\u2019escola, \u00e9s per aquest motiu que al llarg de les darreres setmanes tots els i les alumnes hem estat confeccionat un producte per ser venut.<br \/>\nAix\u00ed, dem\u00e0 divendres 21, a partir de&hellip;  <a href=\"https:\/\/agora.xtec.cat\/escolamestralvilanova\/general\/prego-mercat-de-primavera\/\" title=\"Read PREG\u00d3 MERCAT DE PRIMAVERA\">Llegeix m\u00e9s\u00bb<\/a><\/p>\n","protected":false},"author":1,"featured_media":0,"comment_status":"open","ping_status":"closed","sticky":false,"template":"","format":"standard","meta":{"_bbp_topic_count":0,"_bbp_reply_count":0,"_bbp_total_topic_count":0,"_bbp_total_reply_count":0,"_bbp_voice_count":0,"_bbp_anonymous_reply_count":0,"_bbp_topic_count_hidden":0,"_bbp_reply_count_hidden":0,"_bbp_forum_subforum_count":0,"footnotes":""},"categories":[1,4,5],"tags":[],"class_list":["post-8294","post","type-post","status-publish","format-standard","hentry","category-general","category-portada","category-primaria"],"post_mailing_queue_ids":[],"_links":{"self":[{"href":"https:\/\/agora.xtec.cat\/escolamestralvilanova\/wp-json\/wp\/v2\/posts\/8294","targetHints":{"allow":["GET"]}}],"collection":[{"href":"https:\/\/agora.xtec.cat\/escolamestralvilanova\/wp-json\/wp\/v2\/posts"}],"about":[{"href":"https:\/\/agora.xtec.cat\/escolamestralvilanova\/wp-json\/wp\/v2\/types\/post"}],"author":[{"embeddable":true,"href":"https:\/\/agora.xtec.cat\/escolamestralvilanova\/wp-json\/wp\/v2\/users\/1"}],"replies":[{"embeddable":true,"href":"https:\/\/agora.xtec.cat\/escolamestralvilanova\/wp-json\/wp\/v2\/comments?post=8294"}],"version-history":[{"count":3,"href":"https:\/\/agora.xtec.cat\/escolamestralvilanova\/wp-json\/wp\/v2\/posts\/8294\/revisions"}],"predecessor-version":[{"id":8304,"href":"https:\/\/agora.xtec.cat\/escolamestralvilanova\/wp-json\/wp\/v2\/posts\/8294\/revisions\/8304"}],"wp:attachment":[{"href":"https:\/\/agora.xtec.cat\/escolamestralvilanova\/wp-json\/wp\/v2\/media?parent=8294"}],"wp:term":[{"taxonomy":"category","embeddable":true,"href":"https:\/\/agora.xtec.cat\/escolamestralvilanova\/wp-json\/wp\/v2\/categories?post=8294"},{"taxonomy":"post_tag","embeddable":true,"href":"https:\/\/agora.xtec.cat\/escolamestralvilanova\/wp-json\/wp\/v2\/tags?post=8294"}],"curies":[{"name":"wp","href":"https:\/\/api.w.org\/{rel}","templated":true}]}}