{"id":8284,"date":"2023-04-19T12:19:50","date_gmt":"2023-04-19T10:19:50","guid":{"rendered":"https:\/\/agora.xtec.cat\/escolamestralvilanova\/?p=8284"},"modified":"2023-04-19T12:19:50","modified_gmt":"2023-04-19T10:19:50","slug":"conciencia-emocional-en-cs","status":"publish","type":"post","link":"https:\/\/agora.xtec.cat\/escolamestralvilanova\/general\/conciencia-emocional-en-cs\/","title":{"rendered":"CONCIENCIA EMOCIONAL EN CS"},"content":{"rendered":"<p style=\"text-align: justify;\">Durante estos \u00faltimos meses los alumnos de Ciclo Superior hemos trabajado las emociones.<\/p>\n<p style=\"text-align: justify;\"><a href=\"https:\/\/agora.xtec.cat\/escolamestralvilanova\/wp-content\/uploads\/usu729\/2023\/04\/IMG-8863.jpg\"><img loading=\"lazy\" decoding=\"async\" class=\"alignright wp-image-8286\" src=\"https:\/\/agora.xtec.cat\/escolamestralvilanova\/wp-content\/uploads\/usu729\/2023\/04\/IMG-8863-300x300.jpg\" alt=\"\" width=\"159\" height=\"159\" srcset=\"https:\/\/agora.xtec.cat\/escolamestralvilanova\/wp-content\/uploads\/usu729\/2023\/04\/IMG-8863-300x300.jpg 300w, https:\/\/agora.xtec.cat\/escolamestralvilanova\/wp-content\/uploads\/usu729\/2023\/04\/IMG-8863-1024x1024.jpg 1024w, https:\/\/agora.xtec.cat\/escolamestralvilanova\/wp-content\/uploads\/usu729\/2023\/04\/IMG-8863-150x150.jpg 150w, https:\/\/agora.xtec.cat\/escolamestralvilanova\/wp-content\/uploads\/usu729\/2023\/04\/IMG-8863-768x768.jpg 768w, https:\/\/agora.xtec.cat\/escolamestralvilanova\/wp-content\/uploads\/usu729\/2023\/04\/IMG-8863.jpg 1500w\" sizes=\"auto, (max-width: 159px) 100vw, 159px\" \/><\/a><\/p>\n<p style=\"text-align: justify;\">Este trabajo nos ha permitido reconocer nuestras propias emociones y estados emocionales as\u00ed como tomar conciencia sobre la importancia de hacer una buena regulaci\u00f3n emocional.<\/p>\n<p style=\"text-align: justify;\">Os queremos mostrar un peque\u00f1o v\u00eddeo que hemos realizado con mucha ilusi\u00f3n.<\/p>\n<ul>\n<li><a href=\"https:\/\/photos.google.com\/share\/AF1QipOx5Lus003nb9pWS8rBnENL6xaPMAw8f65HJFGmU77CFlTeRh6iZAME72SWmXT0Rg?key=bzdkMUJIOF83YXBwTDd1bklwdG1sQWhpV1RlUmJB\">ENLACE A LES FOTOGRAFIAS<\/a><\/li>\n<li><a href=\"https:\/\/drive.google.com\/file\/d\/1TwVqlV6Jr1znq262vXbaFQLLkYDI7d0T\/view?usp=sharing\">ENLACE AL V\u00cdDEO<\/a><\/li>\n<\/ul>\n<p><a href=\"https:\/\/drive.google.com\/file\/d\/1TwVqlV6Jr1znq262vXbaFQLLkYDI7d0T\/view?usp=sharing\"><img loading=\"lazy\" decoding=\"async\" class=\"alignnone size-medium wp-image-8287\" src=\"https:\/\/agora.xtec.cat\/escolamestralvilanova\/wp-content\/uploads\/usu729\/2023\/04\/VIDEO-300x171.png\" alt=\"\" width=\"300\" height=\"171\" srcset=\"https:\/\/agora.xtec.cat\/escolamestralvilanova\/wp-content\/uploads\/usu729\/2023\/04\/VIDEO-300x171.png 300w, https:\/\/agora.xtec.cat\/escolamestralvilanova\/wp-content\/uploads\/usu729\/2023\/04\/VIDEO.png 637w\" sizes=\"auto, (max-width: 300px) 100vw, 300px\" \/><\/a><\/p>\n","protected":false},"excerpt":{"rendered":"<p>Durante estos \u00faltimos meses los alumnos de Ciclo Superior hemos trabajado las emociones.<br \/>\n<a href=\"https:\/\/agora.xtec.cat\/escolamestralvilanova\/wp-content\/uploads\/usu729\/2023\/04\/IMG-8863.jpg\"><\/a><br \/>\nEste trabajo nos ha permitido reconocer nuestras propias emociones y estados emocionales as\u00ed como tomar conciencia sobre la importancia de hacer una buena regulaci\u00f3n emocional.<br \/>\nOs queremos mostrar un peque\u00f1o v\u00eddeo que hemos&hellip;  <a href=\"https:\/\/agora.xtec.cat\/escolamestralvilanova\/general\/conciencia-emocional-en-cs\/\" title=\"Read CONCIENCIA EMOCIONAL EN CS\">Llegeix m\u00e9s\u00bb<\/a><\/p>\n","protected":false},"author":1,"featured_media":0,"comment_status":"open","ping_status":"closed","sticky":false,"template":"","format":"standard","meta":{"_bbp_topic_count":0,"_bbp_reply_count":0,"_bbp_total_topic_count":0,"_bbp_total_reply_count":0,"_bbp_voice_count":0,"_bbp_anonymous_reply_count":0,"_bbp_topic_count_hidden":0,"_bbp_reply_count_hidden":0,"_bbp_forum_subforum_count":0,"footnotes":""},"categories":[15,1,4,5],"tags":[],"class_list":["post-8284","post","type-post","status-publish","format-standard","hentry","category-cicle-superior","category-general","category-portada","category-primaria"],"post_mailing_queue_ids":[],"_links":{"self":[{"href":"https:\/\/agora.xtec.cat\/escolamestralvilanova\/wp-json\/wp\/v2\/posts\/8284","targetHints":{"allow":["GET"]}}],"collection":[{"href":"https:\/\/agora.xtec.cat\/escolamestralvilanova\/wp-json\/wp\/v2\/posts"}],"about":[{"href":"https:\/\/agora.xtec.cat\/escolamestralvilanova\/wp-json\/wp\/v2\/types\/post"}],"author":[{"embeddable":true,"href":"https:\/\/agora.xtec.cat\/escolamestralvilanova\/wp-json\/wp\/v2\/users\/1"}],"replies":[{"embeddable":true,"href":"https:\/\/agora.xtec.cat\/escolamestralvilanova\/wp-json\/wp\/v2\/comments?post=8284"}],"version-history":[{"count":2,"href":"https:\/\/agora.xtec.cat\/escolamestralvilanova\/wp-json\/wp\/v2\/posts\/8284\/revisions"}],"predecessor-version":[{"id":8288,"href":"https:\/\/agora.xtec.cat\/escolamestralvilanova\/wp-json\/wp\/v2\/posts\/8284\/revisions\/8288"}],"wp:attachment":[{"href":"https:\/\/agora.xtec.cat\/escolamestralvilanova\/wp-json\/wp\/v2\/media?parent=8284"}],"wp:term":[{"taxonomy":"category","embeddable":true,"href":"https:\/\/agora.xtec.cat\/escolamestralvilanova\/wp-json\/wp\/v2\/categories?post=8284"},{"taxonomy":"post_tag","embeddable":true,"href":"https:\/\/agora.xtec.cat\/escolamestralvilanova\/wp-json\/wp\/v2\/tags?post=8284"}],"curies":[{"name":"wp","href":"https:\/\/api.w.org\/{rel}","templated":true}]}}